{"id":3402,"date":"2024-06-27T21:05:17","date_gmt":"2024-06-28T02:05:17","guid":{"rendered":"https:\/\/vinculacion.utpl.edu.ec\/revistaimpactomas\/?p=3402"},"modified":"2024-11-13T13:20:23","modified_gmt":"2024-11-13T18:20:23","slug":"utpl-academia-como-articulador-de-acciones-frente-al-cambio-climatico","status":"publish","type":"post","link":"https:\/\/vinculacion.utpl.edu.ec\/revistaimpactomas\/especial\/utpl-academia-como-articulador-de-acciones-frente-al-cambio-climatico\/","title":{"rendered":"UTPL: academia como articulador de acciones frente al cambio clim\u00e1tico"},"content":{"rendered":"\n<p><strong>El cambio clim\u00e1tico es un hecho axiom\u00e1tico en el siglo XXI. <\/strong>Sus efectos se viven en todas las regiones del planeta, sin excepci\u00f3n, y, segundo a segundo, son m\u00e1s intensos y vertiginosos. Algunos de ellos llegan a ser incluso irreversibles en un periodo de miles de a\u00f1os, como el derretimiento de las capas de hielo y el aumento del nivel del mar, pero, si se act\u00faa ahora, es posible mitigar sus impactos futuros y preservar un planeta habitable. As\u00ed lo insta el Panel Intergubernamental del Cambio Clim\u00e1tico (IPCC, por sus siglas en ingl\u00e9s) de las Naciones Unidas (ONU), reconociendo que existen los conocimientos, las herramientas y los recursos para garantizar un futuro sostenible para todos.<\/p>\n\n\n\n<p>\u00bfQu\u00e9 hacer entonces para <strong>reducir las emisiones de gases de efecto invernadero (GEI)<\/strong> que son cient\u00edficamente la causa principal del calentamiento global que origina el cambio clim\u00e1tico? La responsabilidad reside en todas las personas y, si bien la mayor parte de las medidas de mitigaci\u00f3n y resiliencia frente a esta crisis clim\u00e1tica se concreta en acciones humanas diarias, estas no lograr\u00edan tener el nivel de efectividad necesaria para evitar que la temperatura media del planeta supere a largo plazo un aumento de 1,5 \u00b0C, si no se \u2018orquestan\u2019 de manera informada y organizada entre todos los actores estrat\u00e9gicos de la sociedad.<\/p>\n\n\n\n<p>En este punto, <strong>la<\/strong> <strong>academia cumple un rol estrat\u00e9gico como articulador de acciones frente al cambio clim\u00e1tico<\/strong>, permitiendo que entidades gubernamentales, empresas privadas e integrantes de la sociedad civil cuenten con la informaci\u00f3n y conocimiento necesario para, primero, tomar decisiones estrat\u00e9gicas que sean pertinentes con la realidad, y, segundo, para orientar y unir esfuerzos en armon\u00eda con un inter\u00e9s com\u00fan tutelado por la ONU.<\/p>\n\n\n\n<p>La academia act\u00faa entonces como <strong>punto de encuentro a trav\u00e9s del conocimiento que genera<\/strong> y como <strong>puente de vinculaci\u00f3n hacia el territorio con las alianzas que posibilita<\/strong>, canalizando con pertinencia los recursos e iniciativas que se pueden impulsar de forma colaborativa en pro del desarrollo social, econ\u00f3mico y ambiental.<\/p>\n\n\n\n<p>Bajo estos principios, la <a href=\"https:\/\/utpl.edu.ec\/\" target=\"_blank\" rel=\"noreferrer noopener\"><strong>Universidad T\u00e9cnica Particular de Loja (UTPL)<\/strong><\/a>, como representante de este sector al sur de Ecuador en Latinoam\u00e9rica, da vida a un <a href=\"https:\/\/vinculacion.utpl.edu.ec\/revistaimpactomas\/voces-con-impacto\/modelo-de-vinculacion-con-la-sociedad-de-la-utpl\/\" target=\"_blank\" rel=\"noreferrer noopener\"><strong>modelo de vinculaci\u00f3n con la sociedad<\/strong><\/a> que le permite transferir y transformar \u2015en soluciones viables a problemas reales del entorno\u2015 el conocimiento generado por docentes y estudiantes en sus aulas de clase.<\/p>\n\n\n\n<p>El modelo de vinculaci\u00f3n de esta universidad ecuatoriana es estrat\u00e9gico para <strong>generar conciencia social y ambiental y promover un accionar coherente con esta conciencia<\/strong>, porque sus principales herramientas de actuaci\u00f3n son la<strong> educaci\u00f3n y la investigaci\u00f3n<\/strong> <strong>en todas sus formas<\/strong>. De acuerdo a su rector, Santiago Acosta Aide, el modelo de vinculaci\u00f3n de la UTPL apunta hacia una <strong>gesti\u00f3n inteligente del territorio por medio de cinco ejes conceptuales<\/strong>:<\/p>\n\n\n\n<ol>\n<li>Innovaci\u00f3n social<\/li>\n\n\n\n<li>Sostenibilidad y econom\u00eda circular<\/li>\n\n\n\n<li>Gesti\u00f3n de datos sobre el territorio<\/li>\n\n\n\n<li>Cooperaci\u00f3n<\/li>\n\n\n\n<li>Distribuci\u00f3n social del conocimiento<\/li>\n<\/ol>\n\n\n\n<div style=\"height:25px\" aria-hidden=\"true\" class=\"wp-block-spacer\"><\/div>\n\n\n\n<p>Los <strong>ejes conceptuales de vinculaci\u00f3n se transversalizan en el quehacer de la universidad<\/strong> para dotar de significado sus funciones de docencia e investigaci\u00f3n frente a los retos actuales del entorno en el que se desarrolla. En este punto surge su iniciativa <a href=\"https:\/\/vinculacion.utpl.edu.ec\/smartland\" target=\"_blank\" rel=\"noreferrer noopener\"><strong>SmartLand UTPL<\/strong><\/a><strong>, como centro de mando y motor de este accionar, <\/strong>que recopila el conocimiento generado desde las carreras, maestr\u00edas, tecnolog\u00edas superiores, grupos de investigaci\u00f3n, observatorios, entre otras dimensiones de la universidad, y lo procesa para canalizarlo a la sociedad a trav\u00e9s de programas, proyectos e iniciativas de innovaci\u00f3n social, gestados en alianza con actores de la cu\u00e1druple h\u00e9lice (academia, gobierno, empresa y sociedad civil), buscando la <strong>construcci\u00f3n de territorios inteligentes, sostenibles y resilientes<\/strong>.<\/p>\n\n\n\n<div style=\"height:25px\" aria-hidden=\"true\" class=\"wp-block-spacer\"><\/div>\n\n\n<style>.elementor-2777 .elementor-element.elementor-element-bce6d9e > .elementor-container{max-width:800px;}.elementor-2777 .elementor-element.elementor-element-ab36a4d > .elementor-widget-wrap > .elementor-widget:not(.elementor-widget__width-auto):not(.elementor-widget__width-initial):not(:last-child):not(.elementor-absolute){margin-bottom:10px;}.elementor-2777 .elementor-element.elementor-element-d3b8d92{text-align:center;}.elementor-2777 .elementor-element.elementor-element-d3b8d92 .elementor-heading-title{color:var( --e-global-color-secondary );font-family:\"Helvetica Neue\", Sans-serif;font-size:32px;font-weight:900;}.elementor-2777 .elementor-element.elementor-element-2c3b286 .elementor-icon-wrapper{text-align:center;}.elementor-2777 .elementor-element.elementor-element-2c3b286.elementor-view-stacked .elementor-icon{background-color:var( --e-global-color-secondary );}.elementor-2777 .elementor-element.elementor-element-2c3b286.elementor-view-framed .elementor-icon, .elementor-2777 .elementor-element.elementor-element-2c3b286.elementor-view-default .elementor-icon{color:var( --e-global-color-secondary );border-color:var( --e-global-color-secondary );}.elementor-2777 .elementor-element.elementor-element-2c3b286.elementor-view-framed .elementor-icon, .elementor-2777 .elementor-element.elementor-element-2c3b286.elementor-view-default .elementor-icon svg{fill:var( --e-global-color-secondary );}.elementor-2777 .elementor-element.elementor-element-2c3b286 .elementor-icon{font-size:20px;}.elementor-2777 .elementor-element.elementor-element-2c3b286 .elementor-icon svg{height:20px;}.elementor-2777 .elementor-element.elementor-element-2c3b286 > .elementor-widget-container{--e-transform-rotateZ:90deg;}.elementor-2777 .elementor-element.elementor-element-2c3b89d{--divider-border-style:solid;--divider-color:var( --e-global-color-primary );--divider-border-width:1px;}.elementor-2777 .elementor-element.elementor-element-2c3b89d .elementor-divider-separator{width:20%;margin:0 auto;margin-center:0;}.elementor-2777 .elementor-element.elementor-element-2c3b89d .elementor-divider{text-align:center;padding-top:0px;padding-bottom:0px;}.elementor-2777 .elementor-element.elementor-element-e34d6f6{text-align:center;font-family:\"Roboto\", Sans-serif;font-size:15px;font-weight:400;}@media(max-width:767px){.elementor-2777 .elementor-element.elementor-element-d3b8d92 .elementor-heading-title{font-size:35px;}.elementor-2777 .elementor-element.elementor-element-e34d6f6{font-size:16px;}}\/* Start Custom Fonts CSS *\/@font-face {\n\tfont-family: 'Helvetica Neue';\n\tfont-style: normal;\n\tfont-weight: 900;\n\tfont-display: auto;\n\tsrc: url('https:\/\/vinculacion.utpl.edu.ec\/revistaimpactomas\/wp-content\/uploads\/2023\/12\/HelveticaNeue-CondensedBlack-10.ttf') format('truetype');\n}\n\/* End Custom Fonts CSS *\/<\/style>\t\t<div data-elementor-type=\"section\" data-elementor-id=\"2777\" class=\"elementor elementor-2777\" data-elementor-post-type=\"elementor_library\">\n\t\t\t\t\t\t\t\t<section class=\"elementor-section elementor-top-section elementor-element elementor-element-bce6d9e elementor-section-boxed elementor-section-height-default elementor-section-height-default\" data-id=\"bce6d9e\" data-element_type=\"section\">\n\t\t\t\t\t\t<div class=\"elementor-container elementor-column-gap-default\">\n\t\t\t\t\t<div class=\"elementor-column elementor-col-100 elementor-top-column elementor-element elementor-element-ab36a4d\" data-id=\"ab36a4d\" data-element_type=\"column\">\n\t\t\t<div class=\"elementor-widget-wrap elementor-element-populated\">\n\t\t\t\t\t\t\t\t<div class=\"elementor-element elementor-element-d3b8d92 elementor-widget elementor-widget-heading\" data-id=\"d3b8d92\" data-element_type=\"widget\" data-widget_type=\"heading.default\">\n\t\t\t\t<div class=\"elementor-widget-container\">\n\t\t\t<style>\/*! elementor - v3.18.0 - 08-12-2023 *\/\n.elementor-heading-title{padding:0;margin:0;line-height:1}.elementor-widget-heading .elementor-heading-title[class*=elementor-size-]>a{color:inherit;font-size:inherit;line-height:inherit}.elementor-widget-heading .elementor-heading-title.elementor-size-small{font-size:15px}.elementor-widget-heading .elementor-heading-title.elementor-size-medium{font-size:19px}.elementor-widget-heading .elementor-heading-title.elementor-size-large{font-size:29px}.elementor-widget-heading .elementor-heading-title.elementor-size-xl{font-size:39px}.elementor-widget-heading .elementor-heading-title.elementor-size-xxl{font-size:59px}<\/style><h2 class=\"elementor-heading-title elementor-size-default\">Entre los objetivos de trabajo de SmartLand UTPL se encuentra el contribuir a la conservaci\u00f3n del planeta y a la mitigaci\u00f3n de los efectos del cambio clim\u00e1tico.<\/h2>\t\t<\/div>\n\t\t\t\t<\/div>\n\t\t\t\t<div class=\"elementor-element elementor-element-2c3b286 e-transform elementor-view-default elementor-widget elementor-widget-icon\" data-id=\"2c3b286\" data-element_type=\"widget\" data-settings=\"{&quot;_transform_rotateZ_effect&quot;:{&quot;unit&quot;:&quot;px&quot;,&quot;size&quot;:90,&quot;sizes&quot;:[]},&quot;_transform_rotateZ_effect_tablet&quot;:{&quot;unit&quot;:&quot;deg&quot;,&quot;size&quot;:&quot;&quot;,&quot;sizes&quot;:[]},&quot;_transform_rotateZ_effect_mobile&quot;:{&quot;unit&quot;:&quot;deg&quot;,&quot;size&quot;:&quot;&quot;,&quot;sizes&quot;:[]}}\" data-widget_type=\"icon.default\">\n\t\t\t\t<div class=\"elementor-widget-container\">\n\t\t\t\t\t<div class=\"elementor-icon-wrapper\">\n\t\t\t<div class=\"elementor-icon\">\n\t\t\t<i aria-hidden=\"true\" class=\"icon icon-chevron-right\"><\/i>\t\t\t<\/div>\n\t\t<\/div>\n\t\t\t\t<\/div>\n\t\t\t\t<\/div>\n\t\t\t\t<div class=\"elementor-element elementor-element-2c3b89d elementor-widget-divider--view-line elementor-widget elementor-widget-divider\" data-id=\"2c3b89d\" data-element_type=\"widget\" data-widget_type=\"divider.default\">\n\t\t\t\t<div class=\"elementor-widget-container\">\n\t\t\t<style>\/*! elementor - v3.18.0 - 08-12-2023 *\/\n.elementor-widget-divider{--divider-border-style:none;--divider-border-width:1px;--divider-color:#0c0d0e;--divider-icon-size:20px;--divider-element-spacing:10px;--divider-pattern-height:24px;--divider-pattern-size:20px;--divider-pattern-url:none;--divider-pattern-repeat:repeat-x}.elementor-widget-divider .elementor-divider{display:flex}.elementor-widget-divider .elementor-divider__text{font-size:15px;line-height:1;max-width:95%}.elementor-widget-divider .elementor-divider__element{margin:0 var(--divider-element-spacing);flex-shrink:0}.elementor-widget-divider .elementor-icon{font-size:var(--divider-icon-size)}.elementor-widget-divider .elementor-divider-separator{display:flex;margin:0;direction:ltr}.elementor-widget-divider--view-line_icon .elementor-divider-separator,.elementor-widget-divider--view-line_text .elementor-divider-separator{align-items:center}.elementor-widget-divider--view-line_icon .elementor-divider-separator:after,.elementor-widget-divider--view-line_icon .elementor-divider-separator:before,.elementor-widget-divider--view-line_text .elementor-divider-separator:after,.elementor-widget-divider--view-line_text .elementor-divider-separator:before{display:block;content:\"\";border-bottom:0;flex-grow:1;border-top:var(--divider-border-width) var(--divider-border-style) var(--divider-color)}.elementor-widget-divider--element-align-left .elementor-divider .elementor-divider-separator>.elementor-divider__svg:first-of-type{flex-grow:0;flex-shrink:100}.elementor-widget-divider--element-align-left .elementor-divider-separator:before{content:none}.elementor-widget-divider--element-align-left .elementor-divider__element{margin-left:0}.elementor-widget-divider--element-align-right .elementor-divider .elementor-divider-separator>.elementor-divider__svg:last-of-type{flex-grow:0;flex-shrink:100}.elementor-widget-divider--element-align-right .elementor-divider-separator:after{content:none}.elementor-widget-divider--element-align-right .elementor-divider__element{margin-right:0}.elementor-widget-divider:not(.elementor-widget-divider--view-line_text):not(.elementor-widget-divider--view-line_icon) .elementor-divider-separator{border-top:var(--divider-border-width) var(--divider-border-style) var(--divider-color)}.elementor-widget-divider--separator-type-pattern{--divider-border-style:none}.elementor-widget-divider--separator-type-pattern.elementor-widget-divider--view-line .elementor-divider-separator,.elementor-widget-divider--separator-type-pattern:not(.elementor-widget-divider--view-line) .elementor-divider-separator:after,.elementor-widget-divider--separator-type-pattern:not(.elementor-widget-divider--view-line) .elementor-divider-separator:before,.elementor-widget-divider--separator-type-pattern:not([class*=elementor-widget-divider--view]) .elementor-divider-separator{width:100%;min-height:var(--divider-pattern-height);-webkit-mask-size:var(--divider-pattern-size) 100%;mask-size:var(--divider-pattern-size) 100%;-webkit-mask-repeat:var(--divider-pattern-repeat);mask-repeat:var(--divider-pattern-repeat);background-color:var(--divider-color);-webkit-mask-image:var(--divider-pattern-url);mask-image:var(--divider-pattern-url)}.elementor-widget-divider--no-spacing{--divider-pattern-size:auto}.elementor-widget-divider--bg-round{--divider-pattern-repeat:round}.rtl .elementor-widget-divider .elementor-divider__text{direction:rtl}.e-con-inner>.elementor-widget-divider,.e-con>.elementor-widget-divider{width:var(--container-widget-width,100%);--flex-grow:var(--container-widget-flex-grow)}<\/style>\t\t<div class=\"elementor-divider\">\n\t\t\t<span class=\"elementor-divider-separator\">\n\t\t\t\t\t\t<\/span>\n\t\t<\/div>\n\t\t\t\t<\/div>\n\t\t\t\t<\/div>\n\t\t\t\t<div class=\"elementor-element elementor-element-e34d6f6 elementor-widget elementor-widget-text-editor\" data-id=\"e34d6f6\" data-element_type=\"widget\" data-widget_type=\"text-editor.default\">\n\t\t\t\t<div class=\"elementor-widget-container\">\n\t\t\t<style>\/*! elementor - v3.18.0 - 08-12-2023 *\/\n.elementor-widget-text-editor.elementor-drop-cap-view-stacked .elementor-drop-cap{background-color:#69727d;color:#fff}.elementor-widget-text-editor.elementor-drop-cap-view-framed .elementor-drop-cap{color:#69727d;border:3px solid;background-color:transparent}.elementor-widget-text-editor:not(.elementor-drop-cap-view-default) .elementor-drop-cap{margin-top:8px}.elementor-widget-text-editor:not(.elementor-drop-cap-view-default) .elementor-drop-cap-letter{width:1em;height:1em}.elementor-widget-text-editor .elementor-drop-cap{float:left;text-align:center;line-height:1;font-size:50px}.elementor-widget-text-editor .elementor-drop-cap-letter{display:inline-block}<\/style>\t\t\t\t<b>Baltazar Calvas Espinosa<\/b><br>Coordinador de SmartLand UTPL<\/br>\t\t\t\t\t\t<\/div>\n\t\t\t\t<\/div>\n\t\t\t\t\t<\/div>\n\t\t<\/div>\n\t\t\t\t\t\t\t<\/div>\n\t\t<\/section>\n\t\t\t\t\t\t<\/div>\n\t\t\n\n\n<div style=\"height:25px\" aria-hidden=\"true\" class=\"wp-block-spacer\"><\/div>\n\n\n\n<div style=\"height:25px\" aria-hidden=\"true\" class=\"wp-block-spacer\"><\/div>\n\n\n\n<p><strong>La sostenibilidad, el desarrollo sostenible y la mitigaci\u00f3n y resiliencia frente al cambio clim\u00e1tico<\/strong>, son tres paradigmas que la universidad asume como reto y busca dar respuesta desde sus competencias. Es as\u00ed que su rol es fundamental, no solo en la generaci\u00f3n de conocimiento que contribuya a una toma de decisiones informadas, sino, en la creaci\u00f3n de programas, proyectos e iniciativas que se consoliden en espacios de encuentro entre el gobierno, la empresa y la sociedad civil, fortaleciendo las capacidades de cada actor y, por ende, multiplicando el alcance e impacto positivo en el planeta.<\/p>\n\n\n\n<div style=\"height:40px\" aria-hidden=\"true\" class=\"wp-block-spacer\"><\/div>\n\n\n\n<figure class=\"wp-block-embed is-type-video is-provider-youtube wp-block-embed-youtube wp-embed-aspect-16-9 wp-has-aspect-ratio\"><div class=\"wp-block-embed__wrapper\">\n<iframe title=\"Revista Impacto+ | UTPL frente al cambio clim\u00e1tico\" width=\"800\" height=\"450\" src=\"https:\/\/www.youtube.com\/embed\/S5YrXASdgJw?feature=oembed\" frameborder=\"0\" allow=\"accelerometer; autoplay; clipboard-write; encrypted-media; gyroscope; picture-in-picture; web-share\" referrerpolicy=\"strict-origin-when-cross-origin\" allowfullscreen><\/iframe>\n<\/div><\/figure>\n\n\n\n<div style=\"height:40px\" aria-hidden=\"true\" class=\"wp-block-spacer\"><\/div>\n\n\n\n<h2 class=\"wp-block-heading\">| Acciones urgentes frente al cambio clim\u00e1tico gestadas desde la academia<\/h2>\n\n\n\n<p>Las dos primeras metas espec\u00edficas del <a href=\"https:\/\/www.un.org\/sustainabledevelopment\/es\/climate-change-2\/\" target=\"_blank\" rel=\"noreferrer noopener\"><strong>Objetivo de Desarrollo Sostenible (ODS) 13 de la ONU: Acci\u00f3n por el clima<\/strong><\/a>, instan a \u00abfortalecer la resiliencia y la capacidad de adaptaci\u00f3n a los riesgos relacionados con el clima y los desastres naturales en todos los pa\u00edses\u00bb e \u00abincorporar medidas relativas al cambio clim\u00e1tico en las pol\u00edticas, estrategias y planes nacionales\u00bb.<\/p>\n\n\n\n<p>Desde estas premisas, la UTPL impulsa distintas acciones que aportan a una toma de decisiones informada por parte de entidades gubernamentales como el Instituto Nacional de Meteorolog\u00eda e Hidrolog\u00eda (INAMHI), el Ministerio del Ambiente, Agua y Transici\u00f3n Ecol\u00f3gica (MAATE) y la Secretar\u00eda Nacional de Gesti\u00f3n de Riesgos (SNGR), con miras a la <strong>implementaci\u00f3n de pol\u00edticas p\u00fablicas y ejecuci\u00f3n de estrategias nacionales<\/strong> que permitan que las comunidades generen pronta adaptaci\u00f3n a los efectos acelerados del cambio clim\u00e1tico y, simult\u00e1neamente, implementen medidas urgentes para mitigar el calentamiento global. Entre estas <strong>acciones de innovaci\u00f3n social<\/strong>, destacan:<\/p>\n\n\n\n<ul>\n<li>El <a href=\"https:\/\/vinculacion.utpl.edu.ec\/observatorios\/clima\" target=\"_blank\" rel=\"noreferrer noopener\"><strong>Observatorio del Clima UTPL<\/strong><\/a>, que realiza y sistematiza<strong> estudios de variables clim\u00e1ticas<\/strong> <strong>como temperatura, humedad relativa, viento, radiaci\u00f3n solar, radiaci\u00f3n ultravioleta, precipitaciones, presi\u00f3n y contaminaci\u00f3n atmosf\u00e9rica<\/strong>, entre otras, para presentar datos estrat\u00e9gicos y fortalecer capacidades individuales y colectivas que incidan en una gesti\u00f3n urbana sostenible y en la adopci\u00f3n de buenas pr\u00e1cticas pecuarias y agr\u00edcolas que aporten al desarrollo sostenible de las comunidades.<\/li>\n<\/ul>\n\n\n\n<div style=\"height:25px\" aria-hidden=\"true\" class=\"wp-block-spacer\"><\/div>\n\n\n\n<ul>\n<li>El <a href=\"https:\/\/vinculacion.utpl.edu.ec\/observatorios\/landgeorisk\" target=\"_blank\" rel=\"noreferrer noopener\"><strong>Observatorio de Movimientos de Ladera y Riesgos Geol\u00f3gicos UTPL<\/strong><\/a>, que recopila y analiza informaci\u00f3n para generar bases de datos que permitan ejecutar <strong>proyectos de investigaci\u00f3n aplicada ante los eventos geol\u00f3gicos ocurridos<\/strong> en la regi\u00f3n sur del Ecuador, contribuyendo as\u00ed al ordenamiento territorial, la planificaci\u00f3n de obras de infraestructura y la adopci\u00f3n de medidas de prevenci\u00f3n y mitigaci\u00f3n ante la ocurrencia de posibles eventos geol\u00f3gicos adversos.<\/li>\n<\/ul>\n\n\n\n<div style=\"height:25px\" aria-hidden=\"true\" class=\"wp-block-spacer\"><\/div>\n\n\n\n<ul>\n<li>Las carreras de <strong><a href=\"https:\/\/www.utpl.edu.ec\/carreras\/gestionambiental\" target=\"_blank\" rel=\"noreferrer noopener\">Gesti\u00f3n Ambiental<\/a><\/strong>, <strong><a href=\"https:\/\/www.utpl.edu.ec\/carreras\/agropecuaria\" target=\"_blank\" rel=\"noreferrer noopener\">Agropecuaria<\/a><\/strong>, <strong><a href=\"https:\/\/www.utpl.edu.ec\/carreras\/biologia\" target=\"_blank\" rel=\"noreferrer noopener\">Biolog\u00eda<\/a><\/strong>, <strong><a href=\"https:\/\/www.utpl.edu.ec\/carreras\/ingenieriaambiental\" target=\"_blank\" rel=\"noreferrer noopener\">Ingenier\u00eda Ambiental<\/a><\/strong> y<strong> <a href=\"https:\/\/www.utpl.edu.ec\/carreras\/riesgos\" target=\"_blank\" rel=\"noreferrer noopener\">Gesti\u00f3n de Riesgos y Desastres<\/a><\/strong>, que impulsan proyectos de vinculaci\u00f3n con los que se han elaborado recursos educativos did\u00e1cticos para la prevenci\u00f3n, adaptaci\u00f3n y mitigaci\u00f3n de distintos efectos del cambio clim\u00e1tico. Un ejemplo de ello es la creaci\u00f3n de un <strong><a href=\"https:\/\/vinculacion.utpl.edu.ec\/revistaimpactomas\/acciones-con-impacto\/incendios-forestales-y-la-urgencia-de-su-prevencion-como-enfoque-de-gestion-en-ecuador\/\" data-type=\"link\" data-id=\"https:\/\/vinculacion.utpl.edu.ec\/revistaimpactomas\/acciones-con-impacto\/incendios-forestales-y-la-urgencia-de-su-prevencion-como-enfoque-de-gestion-en-ecuador\/\" target=\"_blank\" rel=\"noreferrer noopener\">mapa interactivo de susceptibilidad a incendios forestales en Loja<\/a><\/strong>, que busca brindar informaci\u00f3n de valor a los gobiernos aut\u00f3nomos descentralizados municipales para la optimizaci\u00f3n de sus proyectos de construcci\u00f3n y ordenamiento territorial.<\/li>\n<\/ul>\n\n\n\n<div style=\"height:40px\" aria-hidden=\"true\" class=\"wp-block-spacer\"><\/div>\n\n\n\n<p>Dando respuesta a la tercera meta espec\u00edfica del ODS 13: \u00abmejorar la educaci\u00f3n, la sensibilizaci\u00f3n y la capacidad humana e institucional respecto de la mitigaci\u00f3n del cambio clim\u00e1tico, la adaptaci\u00f3n a \u00e9l, la reducci\u00f3n de sus efectos y la alerta temprana\u00bb, la universidad, adem\u00e1s de la formaci\u00f3n de tercer y cuarto nivel que oferta en el marco de su educaci\u00f3n formal, impulsa tambi\u00e9n certificaciones, capacitaciones, cursos y talleres presenciales y en l\u00ednea, adaptados a las necesidades del entorno, para contribuir al desarrollo sostenible de las comunidades. Entre estos <strong>programas de formaci\u00f3n<\/strong>, destacan:<\/p>\n\n\n\n<ul>\n<li><a href=\"https:\/\/formacionpermanente.utpl.edu.ec\/cambioclimatico\" target=\"_blank\" rel=\"noreferrer noopener\"><strong>Curso MOOC \u00abEl cambio clim\u00e1tico\u00bb<\/strong><\/a> que desde 2022, gestionado por la C\u00e1tedra Unesco de Desarrollo Sostenible y la Unidad de Formaci\u00f3n Permanente de la UTPL, sensibiliza sobre el cambio clim\u00e1tico y genera conocimiento y capacidades para <strong>dar respuesta a este reto global en ciudades latinoamericanas<\/strong>.<\/li>\n<\/ul>\n\n\n\n<div style=\"height:25px\" aria-hidden=\"true\" class=\"wp-block-spacer\"><\/div>\n\n\n\n<ul>\n<li><a href=\"https:\/\/recla.org\/blog\/ganaderia-sostenible\/\" target=\"_blank\" rel=\"noreferrer noopener\"><strong>Escuela de Ganader\u00eda Sostenible<\/strong><\/a>&nbsp;que desde 2023, gestionado por la carrera de Agropecuaria&nbsp; de la UTPL en alianza con el Ministerio de Agricultura y Ganader\u00eda del Ecuador y la <a href=\"https:\/\/heyzine.com\/flip-book\/c0bd229beb.html\" data-type=\"link\" data-id=\"https:\/\/heyzine.com\/flip-book\/c0bd229beb.html\" target=\"_blank\" rel=\"noreferrer noopener\">Planta de L\u00e1cteos \u00abEcolac\u00bb<\/a>, promueve una ganader\u00eda m\u00e1s responsable y sostenible en armon\u00eda con los recursos naturales y las necesidades de la sociedad.<\/li>\n<\/ul>\n\n\n\n<div style=\"height:25px\" aria-hidden=\"true\" class=\"wp-block-spacer\"><\/div>\n\n\n\n<ul>\n<li><a href=\"https:\/\/formacionpermanente.utpl.edu.ec\/politicaspublicas\" target=\"_blank\" rel=\"noreferrer noopener\"><strong>Curso \u00abPol\u00edticas p\u00fablicas para el desarrollo sostenible\u00bb<\/strong><\/a><strong> <\/strong>que desde 2024, gestionado por la C\u00e1tedra Unesco de Desarrollo Sostenible \u2013 UTPL en alianza con la Fundaci\u00f3n Futuro Latinoamericano y el Centro de Investigaci\u00f3n y Acci\u00f3n Colectiva \u00abFARO\u00bb, har\u00e1 posible que personas de distintas \u00e1reas del conocimiento (ciencias sociales, econ\u00f3micas y ambientales) adquieran competencias para la elaboraci\u00f3n de pol\u00edticas p\u00fablicas de desarrollo sostenible con enfoque integral en Ecuador.<\/li>\n<\/ul>\n\n\n\n<div style=\"height:40px\" aria-hidden=\"true\" class=\"wp-block-spacer\"><\/div>\n\n\n\n<p>Estas son solo algunas de las acciones que desde la academia se impulsan en cooperaci\u00f3n con el gobierno, la empresa y la sociedad civil para generar conocimiento que contribuya al dise\u00f1o pertinente y oportuno de pol\u00edticas p\u00fablicas orientadas a contrarrestar los efectos adversos del cambio clim\u00e1tico y a promover cambios comportamentales en la vida diaria de las personas, trabajando de esta forma por lograr que las <strong>acciones individuales y colectivas tracen una senda de desarrollo sostenible con econom\u00edas verdes e inclusivas<\/strong>, acorde a la Agenda 2030 que orienta el accionar global para un planeta habitable en el presente y en el futuro.<\/p>\n","protected":false},"excerpt":{"rendered":"<p>El rol de la academia es fundamental para generar conocimiento y crear espacios de encuentro entre las capacidades del gobierno, la empresa y la sociedad civil, para dar respuesta a los problemas m\u00e1s apremiantes del siglo XXI, uno de ellos: el cambio clim\u00e1tico. Bajo la orientaci\u00f3n del Objetivo de Desarrollo Sostenible 13: Acci\u00f3n por el clima, descubrimos los programas, proyectos e iniciativas que se est\u00e1n gestando en Ecuador desde la UTPL, como exponente de la academia, para concretar las acciones urgentes que demanda el cambio clim\u00e1tico para adaptarse a \u00e9l y trabajar en su mitigaci\u00f3n.<\/p>\n","protected":false},"author":2,"featured_media":3441,"comment_status":"closed","ping_status":"closed","sticky":false,"template":"","format":"standard","meta":{"footnotes":""},"categories":[90],"tags":[114,110,72,132,69,67,66],"edicion":[11],"linea-de-accion":[],"acf":[],"_links":{"self":[{"href":"https:\/\/vinculacion.utpl.edu.ec\/revistaimpactomas\/wp-json\/wp\/v2\/posts\/3402"}],"collection":[{"href":"https:\/\/vinculacion.utpl.edu.ec\/revistaimpactomas\/wp-json\/wp\/v2\/posts"}],"about":[{"href":"https:\/\/vinculacion.utpl.edu.ec\/revistaimpactomas\/wp-json\/wp\/v2\/types\/post"}],"author":[{"embeddable":true,"href":"https:\/\/vinculacion.utpl.edu.ec\/revistaimpactomas\/wp-json\/wp\/v2\/users\/2"}],"replies":[{"embeddable":true,"href":"https:\/\/vinculacion.utpl.edu.ec\/revistaimpactomas\/wp-json\/wp\/v2\/comments?post=3402"}],"version-history":[{"count":24,"href":"https:\/\/vinculacion.utpl.edu.ec\/revistaimpactomas\/wp-json\/wp\/v2\/posts\/3402\/revisions"}],"predecessor-version":[{"id":3459,"href":"https:\/\/vinculacion.utpl.edu.ec\/revistaimpactomas\/wp-json\/wp\/v2\/posts\/3402\/revisions\/3459"}],"wp:featuredmedia":[{"embeddable":true,"href":"https:\/\/vinculacion.utpl.edu.ec\/revistaimpactomas\/wp-json\/wp\/v2\/media\/3441"}],"wp:attachment":[{"href":"https:\/\/vinculacion.utpl.edu.ec\/revistaimpactomas\/wp-json\/wp\/v2\/media?parent=3402"}],"wp:term":[{"taxonomy":"category","embeddable":true,"href":"https:\/\/vinculacion.utpl.edu.ec\/revistaimpactomas\/wp-json\/wp\/v2\/categories?post=3402"},{"taxonomy":"post_tag","embeddable":true,"href":"https:\/\/vinculacion.utpl.edu.ec\/revistaimpactomas\/wp-json\/wp\/v2\/tags?post=3402"},{"taxonomy":"edicion","embeddable":true,"href":"https:\/\/vinculacion.utpl.edu.ec\/revistaimpactomas\/wp-json\/wp\/v2\/edicion?post=3402"},{"taxonomy":"linea-de-accion","embeddable":true,"href":"https:\/\/vinculacion.utpl.edu.ec\/revistaimpactomas\/wp-json\/wp\/v2\/linea-de-accion?post=3402"}],"curies":[{"name":"wp","href":"https:\/\/api.w.org\/{rel}","templated":true}]}}