{"id":3123,"date":"2024-06-13T17:19:45","date_gmt":"2024-06-13T22:19:45","guid":{"rendered":"https:\/\/vinculacion.utpl.edu.ec\/revistaimpactomas\/?p=3123"},"modified":"2024-11-13T13:20:24","modified_gmt":"2024-11-13T18:20:24","slug":"el-abra-de-zamora-y-su-necesidad-de-conservacion-como-area-protegida-del-ecuador","status":"publish","type":"post","link":"https:\/\/vinculacion.utpl.edu.ec\/revistaimpactomas\/acciones-con-impacto\/el-abra-de-zamora-y-su-necesidad-de-conservacion-como-area-protegida-del-ecuador\/","title":{"rendered":"El Abra de Zamora y su necesidad de conservaci\u00f3n como \u00e1rea protegida del Ecuador"},"content":{"rendered":"\n<p>Distintas investigaciones cient\u00edficas desarrolladas en Ecuador desde 1938, corroboran que el Abra de Zamora es un \u00e1rea clave de biodiversidad y <strong>uno de los centros de endemismo de anfibios m\u00e1s importante del mundo<\/strong>. Hasta mayo de 2024, de acuerdo a estudios de la Universidad T\u00e9cnica Particular de Loja (UTPL) y Naturaleza y Cultura Internacional (NCI), <strong>47 especies de anfibios han sido registradas en esta zona, de las cuales,<\/strong> <strong>22 son ranas end\u00e9micas y 14 son ranas nuevas para la ciencia<\/strong>. Cifras como estas resultan inusuales para un territorio relativamente peque\u00f1o como es el Abra de Zamora, un sector de 10 535 hect\u00e1reas de extensi\u00f3n que se ubica al sur de Ecuador, en el l\u00edmite provincial entre Loja y Zamora Chinchipe. Pero, \u00bfa qu\u00e9 se debe esto?<\/p>\n\n\n\n<p>Para comprender la relevancia biol\u00f3gica y ecol\u00f3gica del Abra de Zamora, <a href=\"https:\/\/investigacion.utpl.edu.ec\/darmijos1\" target=\"_blank\" rel=\"noreferrer noopener\">Diego Armijos Ojeda<\/a>, docente del departamento de Ciencias Biol\u00f3gicas y Agropecuarias de la UTPL, menciona que es necesario reconocer primero las <strong>caracter\u00edsticas biof\u00edsicas de la zona<\/strong> <strong>que la constituyen en un verdadero <em>hotspot<\/em> de biodiversidad<\/strong>, por albergar un sinn\u00famero de especies vegetales y animales end\u00e9micas y por enfrentar amenazas significativas a causa del cambio clim\u00e1tico, la deforestaci\u00f3n y contaminaci\u00f3n ambiental, la propagaci\u00f3n de enfermedades animales y la introducci\u00f3n de especies ex\u00f3ticas invasoras como pino, eucalipto, trucha y rana toro.<\/p>\n\n\n\n<p>Desde una perspectiva gen\u00e9rica, el Diccionario de la Real Academia Espa\u00f1ola (2023) define el <a href=\"https:\/\/dle.rae.es\/abra\" target=\"_blank\" rel=\"noreferrer noopener\">t\u00e9rmino \u2018abra\u2019<\/a>, en su segunda acepci\u00f3n, como una \u00ababertura ancha y despejada entre dos monta\u00f1as\u00bb y, en su quinta acepci\u00f3n, como un \u00abespacio desmontado, claro en un bosque\u00bb. Al respecto, Armijos explica que, desde una perspectiva t\u00e9cnica, <strong>este t\u00e9rmino se debe analizar bajo la luz de la orograf\u00eda y la ecolog\u00eda<\/strong>, porque si bien \u2018abra\u2019 describe a m\u00e1s de un sitio en Ecuador, Colombia y Per\u00fa que comparten geogr\u00e1ficamente propiedades similares, el <strong>Abra de Zamora fundamenta su singularidad en sus caracter\u00edsticas de clima, suelo y vegetaci\u00f3n<\/strong>, que finalmente son las que inciden en la exuberancia de anfibios que la han hecho su h\u00e1bitat y centro de diversificaci\u00f3n.<\/p>\n\n\n\n<div style=\"height:20px\" aria-hidden=\"true\" class=\"wp-block-spacer\"><\/div>\n\n\n\n<figure class=\"wp-block-pullquote has-background has-medium-font-size\" style=\"background-color:#fdeab5\"><blockquote><p>En orograf\u00eda le llaman \u2018abra\u2019 a los <strong>pasos de monta\u00f1a<\/strong>, que son los sitios m\u00e1s convenientes para pasar una carretera de un lado al otro de una monta\u00f1a. Se trata de una formaci\u00f3n geogr\u00e1fica \u2015en este caso, una depresi\u00f3n en el sur de la cordillera de Los Andes\u2015 que constituye un paso de Loja a Zamora Chinchipe.<br><br>Ecol\u00f3gicamente la podemos definir como un <strong>p\u00e1ramo arbustivo \u00fanico en Ecuador<\/strong>. Es un p\u00e1ramo bastante especial porque, primero, est\u00e1 m\u00e1s bajo en altitud al resto de la cordillera, y, segundo, porque su vegetaci\u00f3n est\u00e1 representada ante todo por arbustos peque\u00f1os y de hojas gruesas resistentes al viento, distintos a los pajonales grandes que se ven en el Chimborazo, por ejemplo.<\/p><cite><strong>Diego Armijos Ojeda<\/strong><br>Docente del departamento de Ciencias Biol\u00f3gicas y Agropecuarias \u2013 UTPL<\/cite><\/blockquote><\/figure>\n\n\n\n<div style=\"height:40px\" aria-hidden=\"true\" class=\"wp-block-spacer\"><\/div>\n\n\n\n<p>Al ser un p\u00e1ramo del sur de Ecuador, el <strong>Abra de Zamora cumple adem\u00e1s los servicios ecosist\u00e9micos de regulaci\u00f3n h\u00eddrica <\/strong>(captaci\u00f3n, conservaci\u00f3n y distribuci\u00f3n de agua para consumo humano y fines agr\u00edcolas) <strong>y purificaci\u00f3n de aire<\/strong> (absorci\u00f3n de di\u00f3xido de carbono de la atm\u00f3sfera).<\/p>\n\n\n\n<p>A pesar de la riqueza floral y faun\u00edstica reconocida en este sector, as\u00ed como su rol fundamental en el desarrollo sostenible del pa\u00eds, diversos esfuerzos de investigaci\u00f3n han puesto en evidencia que, as\u00ed como las especies end\u00e9micas del Abra de Zamora van en aumento conforme se profundiza la exploraci\u00f3n cient\u00edfica en sus inmediaciones, otras <strong>especies de ranas pueden estar extingui\u00e9ndose sin si quiera ser descritas para su conocimiento y conservaci\u00f3n<\/strong>. En este contexto, en 2019, un proyecto de vinculaci\u00f3n ejecutado por el <a href=\"https:\/\/investigacion.utpl.edu.ec\/grupos\/ecosslab\" target=\"_blank\" rel=\"noreferrer noopener\">Grupo de Investigaci\u00f3n \u00abLaboratorio de Ecolog\u00eda Tropical y Servicios Ecosist\u00e9micos\u00bb (EcoSs Lab) de la UTPL<\/a>, en cooperaci\u00f3n con el equipo de NCI y bajo el financiamiento del Fondo de Alianzas para Ecosistemas Cr\u00edticos (CEPF, por sus siglas en ingl\u00e9s), pone el foco de atenci\u00f3n en esta problem\u00e1tica de manejo y conservaci\u00f3n ambiental y hace posible el logro de tres objetivos:<\/p>\n\n\n\n<div class=\"wp-block-columns is-layout-flex wp-container-core-columns-layout-1 wp-block-columns-is-layout-flex\">\n<div class=\"wp-block-column is-layout-flow wp-block-column-is-layout-flow\" style=\"flex-basis:33.33%\">\n<h1 class=\"wp-block-heading\">1.<\/h1>\n\n\n\n<p>La <strong>delimitaci\u00f3n del \u00c1rea Clave de Biodiversidad \u2018Abra de Zamora\u2019 <\/strong>con una aproximaci\u00f3n m\u00e1s real a la geograf\u00eda del territorio, empleando para ello herramientas de an\u00e1lisis cartogr\u00e1fico y de paisaje y modelos de nicho ecol\u00f3gico de especies claves y amenazadas.<\/p>\n<\/div>\n\n\n\n<div class=\"wp-block-column is-layout-flow wp-block-column-is-layout-flow\" style=\"flex-basis:66.66%\"><div class=\"wp-block-image\">\n<figure data-wp-context=\"{ &quot;core&quot;:\n\t\t\t\t{ &quot;image&quot;:\n\t\t\t\t\t{   &quot;imageLoaded&quot;: false,\n\t\t\t\t\t\t&quot;initialized&quot;: false,\n\t\t\t\t\t\t&quot;lightboxEnabled&quot;: false,\n\t\t\t\t\t\t&quot;hideAnimationEnabled&quot;: false,\n\t\t\t\t\t\t&quot;preloadInitialized&quot;: false,\n\t\t\t\t\t\t&quot;lightboxAnimation&quot;: &quot;zoom&quot;,\n\t\t\t\t\t\t&quot;imageUploadedSrc&quot;: &quot;https:\/\/vinculacion.utpl.edu.ec\/revistaimpactomas\/wp-content\/uploads\/2024\/07\/ubicacion-abra-zamora-nueva-delimitacion-propuesta-utpl.png&quot;,\n\t\t\t\t\t\t&quot;imageCurrentSrc&quot;: &quot;&quot;,\n\t\t\t\t\t\t&quot;targetWidth&quot;: &quot;3334&quot;,\n\t\t\t\t\t\t&quot;targetHeight&quot;: &quot;3334&quot;,\n\t\t\t\t\t\t&quot;scaleAttr&quot;: &quot;&quot;,\n\t\t\t\t\t\t&quot;dialogLabel&quot;: &quot;Enlarged image&quot;\n\t\t\t\t\t}\n\t\t\t\t}\n\t\t\t}\" data-wp-interactive class=\"aligncenter size-large is-resized wp-lightbox-container\"><img fetchpriority=\"high\" decoding=\"async\" width=\"1024\" height=\"1024\" data-wp-effect--setStylesOnResize=\"effects.core.image.setStylesOnResize\" data-wp-effect=\"effects.core.image.setButtonStyles\" data-wp-init=\"effects.core.image.initOriginImage\" data-wp-on--click=\"actions.core.image.showLightbox\" data-wp-on--load=\"actions.core.image.handleLoad\" src=\"https:\/\/vinculacion.utpl.edu.ec\/revistaimpactomas\/wp-content\/uploads\/2024\/07\/ubicacion-abra-zamora-nueva-delimitacion-propuesta-utpl-1024x1024.png\" alt=\"\" class=\"wp-image-3125\" style=\"width:550px\" srcset=\"https:\/\/vinculacion.utpl.edu.ec\/revistaimpactomas\/wp-content\/uploads\/2024\/07\/ubicacion-abra-zamora-nueva-delimitacion-propuesta-utpl-1024x1024.png 1024w, https:\/\/vinculacion.utpl.edu.ec\/revistaimpactomas\/wp-content\/uploads\/2024\/07\/ubicacion-abra-zamora-nueva-delimitacion-propuesta-utpl-300x300.png 300w, https:\/\/vinculacion.utpl.edu.ec\/revistaimpactomas\/wp-content\/uploads\/2024\/07\/ubicacion-abra-zamora-nueva-delimitacion-propuesta-utpl-150x150.png 150w, https:\/\/vinculacion.utpl.edu.ec\/revistaimpactomas\/wp-content\/uploads\/2024\/07\/ubicacion-abra-zamora-nueva-delimitacion-propuesta-utpl-768x768.png 768w, https:\/\/vinculacion.utpl.edu.ec\/revistaimpactomas\/wp-content\/uploads\/2024\/07\/ubicacion-abra-zamora-nueva-delimitacion-propuesta-utpl-1536x1536.png 1536w, https:\/\/vinculacion.utpl.edu.ec\/revistaimpactomas\/wp-content\/uploads\/2024\/07\/ubicacion-abra-zamora-nueva-delimitacion-propuesta-utpl-2048x2048.png 2048w\" sizes=\"(max-width: 1024px) 100vw, 1024px\" \/><button\n\t\t\tclass=\"lightbox-trigger\"\n\t\t\ttype=\"button\"\n\t\t\taria-haspopup=\"dialog\"\n\t\t\taria-label=\"Enlarge image\"\n\t\t\tdata-wp-on--click=\"actions.core.image.showLightbox\"\n\t\t\tdata-wp-style--right=\"context.core.image.imageButtonRight\"\n\t\t\tdata-wp-style--top=\"context.core.image.imageButtonTop\"\n\t\t>\n\t\t\t<svg xmlns=\"http:\/\/www.w3.org\/2000\/svg\" width=\"12\" height=\"12\" fill=\"none\" viewBox=\"0 0 12 12\">\n\t\t\t\t<path fill=\"#fff\" d=\"M2 0a2 2 0 0 0-2 2v2h1.5V2a.5.5 0 0 1 .5-.5h2V0H2Zm2 10.5H2a.5.5 0 0 1-.5-.5V8H0v2a2 2 0 0 0 2 2h2v-1.5ZM8 12v-1.5h2a.5.5 0 0 0 .5-.5V8H12v2a2 2 0 0 1-2 2H8Zm2-12a2 2 0 0 1 2 2v2h-1.5V2a.5.5 0 0 0-.5-.5H8V0h2Z\" \/>\n\t\t\t<\/svg>\n\t\t<\/button>        <div data-wp-body=\"\" class=\"wp-lightbox-overlay zoom\"\n            data-wp-bind--role=\"selectors.core.image.roleAttribute\"\n            data-wp-bind--aria-label=\"selectors.core.image.dialogLabel\"\n            data-wp-class--initialized=\"context.core.image.initialized\"\n            data-wp-class--active=\"context.core.image.lightboxEnabled\"\n            data-wp-class--hideAnimationEnabled=\"context.core.image.hideAnimationEnabled\"\n            data-wp-bind--aria-modal=\"selectors.core.image.ariaModal\"\n            data-wp-effect=\"effects.core.image.initLightbox\"\n            data-wp-on--keydown=\"actions.core.image.handleKeydown\"\n            data-wp-on--touchstart=\"actions.core.image.handleTouchStart\"\n            data-wp-on--touchmove=\"actions.core.image.handleTouchMove\"\n            data-wp-on--touchend=\"actions.core.image.handleTouchEnd\"\n            data-wp-on--click=\"actions.core.image.hideLightbox\"\n            tabindex=\"-1\"\n            >\n                <button type=\"button\" aria-label=\"Cerrar\" style=\"fill: #000\" class=\"close-button\" data-wp-on--click=\"actions.core.image.hideLightbox\">\n                    <svg xmlns=\"http:\/\/www.w3.org\/2000\/svg\" viewBox=\"0 0 24 24\" width=\"20\" height=\"20\" aria-hidden=\"true\" focusable=\"false\"><path d=\"M13 11.8l6.1-6.3-1-1-6.1 6.2-6.1-6.2-1 1 6.1 6.3-6.5 6.7 1 1 6.5-6.6 6.5 6.6 1-1z\"><\/path><\/svg>\n                <\/button>\n                <div class=\"lightbox-image-container\"><div class=\"wp-block-image\">\n<figure class=\"aligncenter size-large is-resized responsive-image\"><img decoding=\"async\" data-wp-bind--src=\"context.core.image.imageCurrentSrc\" data-wp-style--object-fit=\"selectors.core.image.lightboxObjectFit\" src=\"\" alt=\"\" class=\"wp-image-3125\" style=\"width:550px\"\/><\/figure><\/div><\/div>\n                <div class=\"lightbox-image-container\"><div class=\"wp-block-image\">\n<figure class=\"aligncenter size-large is-resized enlarged-image\"><img decoding=\"async\" data-wp-bind--src=\"selectors.core.image.enlargedImgSrc\" data-wp-style--object-fit=\"selectors.core.image.lightboxObjectFit\" src=\"\" alt=\"\" class=\"wp-image-3125\" style=\"width:550px\"\/><\/figure><\/div><\/div>\n                <div class=\"scrim\" style=\"background-color: #fff\" aria-hidden=\"true\"><\/div>\n        <\/div><\/figure><\/div><\/div>\n<\/div>\n\n\n\n<div class=\"wp-block-columns is-layout-flex wp-container-core-columns-layout-2 wp-block-columns-is-layout-flex\">\n<div class=\"wp-block-column is-layout-flow wp-block-column-is-layout-flow\" style=\"flex-basis:33.33%\">\n<h1 class=\"wp-block-heading\">2.<\/h1>\n\n\n\n<p>El <strong>planteamiento de una lista preliminar de las especies de anfibios presentes en el Abra de Zamora hasta 2020<\/strong>, evidenciando el registro de 29 especies pertenecientes a cuatro familias, de las cuales, 11 fueron catalogadas como end\u00e9micas y cuatro de ellas fueron reportadas con alerta de posible extinci\u00f3n al no haber sido vistas en los \u00faltimos 10 a\u00f1os.<\/p>\n<\/div>\n\n\n\n<div class=\"wp-block-column is-layout-flow wp-block-column-is-layout-flow\" style=\"flex-basis:66.66%\"><div class=\"wp-block-image\">\n<figure data-wp-context=\"{ &quot;core&quot;:\n\t\t\t\t{ &quot;image&quot;:\n\t\t\t\t\t{   &quot;imageLoaded&quot;: false,\n\t\t\t\t\t\t&quot;initialized&quot;: false,\n\t\t\t\t\t\t&quot;lightboxEnabled&quot;: false,\n\t\t\t\t\t\t&quot;hideAnimationEnabled&quot;: false,\n\t\t\t\t\t\t&quot;preloadInitialized&quot;: false,\n\t\t\t\t\t\t&quot;lightboxAnimation&quot;: &quot;zoom&quot;,\n\t\t\t\t\t\t&quot;imageUploadedSrc&quot;: &quot;https:\/\/vinculacion.utpl.edu.ec\/revistaimpactomas\/wp-content\/uploads\/2024\/07\/info_ranailustracion.png&quot;,\n\t\t\t\t\t\t&quot;imageCurrentSrc&quot;: &quot;&quot;,\n\t\t\t\t\t\t&quot;targetWidth&quot;: &quot;3334&quot;,\n\t\t\t\t\t\t&quot;targetHeight&quot;: &quot;3334&quot;,\n\t\t\t\t\t\t&quot;scaleAttr&quot;: &quot;&quot;,\n\t\t\t\t\t\t&quot;dialogLabel&quot;: &quot;Enlarged image&quot;\n\t\t\t\t\t}\n\t\t\t\t}\n\t\t\t}\" data-wp-interactive class=\"aligncenter size-large is-resized wp-lightbox-container\"><img decoding=\"async\" width=\"1024\" height=\"1024\" data-wp-effect--setStylesOnResize=\"effects.core.image.setStylesOnResize\" data-wp-effect=\"effects.core.image.setButtonStyles\" data-wp-init=\"effects.core.image.initOriginImage\" data-wp-on--click=\"actions.core.image.showLightbox\" data-wp-on--load=\"actions.core.image.handleLoad\" src=\"https:\/\/vinculacion.utpl.edu.ec\/revistaimpactomas\/wp-content\/uploads\/2024\/07\/info_ranailustracion-1024x1024.png\" alt=\"\" class=\"wp-image-3126\" style=\"width:450px\" srcset=\"https:\/\/vinculacion.utpl.edu.ec\/revistaimpactomas\/wp-content\/uploads\/2024\/07\/info_ranailustracion-1024x1024.png 1024w, https:\/\/vinculacion.utpl.edu.ec\/revistaimpactomas\/wp-content\/uploads\/2024\/07\/info_ranailustracion-300x300.png 300w, https:\/\/vinculacion.utpl.edu.ec\/revistaimpactomas\/wp-content\/uploads\/2024\/07\/info_ranailustracion-150x150.png 150w, https:\/\/vinculacion.utpl.edu.ec\/revistaimpactomas\/wp-content\/uploads\/2024\/07\/info_ranailustracion-768x768.png 768w, https:\/\/vinculacion.utpl.edu.ec\/revistaimpactomas\/wp-content\/uploads\/2024\/07\/info_ranailustracion-1536x1536.png 1536w, https:\/\/vinculacion.utpl.edu.ec\/revistaimpactomas\/wp-content\/uploads\/2024\/07\/info_ranailustracion-2048x2048.png 2048w\" sizes=\"(max-width: 1024px) 100vw, 1024px\" \/><button\n\t\t\tclass=\"lightbox-trigger\"\n\t\t\ttype=\"button\"\n\t\t\taria-haspopup=\"dialog\"\n\t\t\taria-label=\"Enlarge image\"\n\t\t\tdata-wp-on--click=\"actions.core.image.showLightbox\"\n\t\t\tdata-wp-style--right=\"context.core.image.imageButtonRight\"\n\t\t\tdata-wp-style--top=\"context.core.image.imageButtonTop\"\n\t\t>\n\t\t\t<svg xmlns=\"http:\/\/www.w3.org\/2000\/svg\" width=\"12\" height=\"12\" fill=\"none\" viewBox=\"0 0 12 12\">\n\t\t\t\t<path fill=\"#fff\" d=\"M2 0a2 2 0 0 0-2 2v2h1.5V2a.5.5 0 0 1 .5-.5h2V0H2Zm2 10.5H2a.5.5 0 0 1-.5-.5V8H0v2a2 2 0 0 0 2 2h2v-1.5ZM8 12v-1.5h2a.5.5 0 0 0 .5-.5V8H12v2a2 2 0 0 1-2 2H8Zm2-12a2 2 0 0 1 2 2v2h-1.5V2a.5.5 0 0 0-.5-.5H8V0h2Z\" \/>\n\t\t\t<\/svg>\n\t\t<\/button>        <div data-wp-body=\"\" class=\"wp-lightbox-overlay zoom\"\n            data-wp-bind--role=\"selectors.core.image.roleAttribute\"\n            data-wp-bind--aria-label=\"selectors.core.image.dialogLabel\"\n            data-wp-class--initialized=\"context.core.image.initialized\"\n            data-wp-class--active=\"context.core.image.lightboxEnabled\"\n            data-wp-class--hideAnimationEnabled=\"context.core.image.hideAnimationEnabled\"\n            data-wp-bind--aria-modal=\"selectors.core.image.ariaModal\"\n            data-wp-effect=\"effects.core.image.initLightbox\"\n            data-wp-on--keydown=\"actions.core.image.handleKeydown\"\n            data-wp-on--touchstart=\"actions.core.image.handleTouchStart\"\n            data-wp-on--touchmove=\"actions.core.image.handleTouchMove\"\n            data-wp-on--touchend=\"actions.core.image.handleTouchEnd\"\n            data-wp-on--click=\"actions.core.image.hideLightbox\"\n            tabindex=\"-1\"\n            >\n                <button type=\"button\" aria-label=\"Cerrar\" style=\"fill: #000\" class=\"close-button\" data-wp-on--click=\"actions.core.image.hideLightbox\">\n                    <svg xmlns=\"http:\/\/www.w3.org\/2000\/svg\" viewBox=\"0 0 24 24\" width=\"20\" height=\"20\" aria-hidden=\"true\" focusable=\"false\"><path d=\"M13 11.8l6.1-6.3-1-1-6.1 6.2-6.1-6.2-1 1 6.1 6.3-6.5 6.7 1 1 6.5-6.6 6.5 6.6 1-1z\"><\/path><\/svg>\n                <\/button>\n                <div class=\"lightbox-image-container\"><div class=\"wp-block-image\">\n<figure class=\"aligncenter size-large is-resized responsive-image\"><img decoding=\"async\" data-wp-bind--src=\"context.core.image.imageCurrentSrc\" data-wp-style--object-fit=\"selectors.core.image.lightboxObjectFit\" src=\"\" alt=\"\" class=\"wp-image-3126\" style=\"width:450px\"\/><\/figure><\/div><\/div>\n                <div class=\"lightbox-image-container\"><div class=\"wp-block-image\">\n<figure class=\"aligncenter size-large is-resized enlarged-image\"><img decoding=\"async\" data-wp-bind--src=\"selectors.core.image.enlargedImgSrc\" data-wp-style--object-fit=\"selectors.core.image.lightboxObjectFit\" src=\"\" alt=\"\" class=\"wp-image-3126\" style=\"width:450px\"\/><\/figure><\/div><\/div>\n                <div class=\"scrim\" style=\"background-color: #fff\" aria-hidden=\"true\"><\/div>\n        <\/div><\/figure><\/div><\/div>\n<\/div>\n\n\n\n<div class=\"wp-block-columns is-layout-flex wp-container-core-columns-layout-3 wp-block-columns-is-layout-flex\">\n<div class=\"wp-block-column is-layout-flow wp-block-column-is-layout-flow\" style=\"flex-basis:33.33%\">\n<h1 class=\"wp-block-heading\">3.<\/h1>\n\n\n\n<p>La <strong>construcci\u00f3n participativa de un <a href=\"https:\/\/www.researchgate.net\/publication\/346070504_Plan_de_Accion_para_la_Conservacion_de_los_Anfibios_del_Abra_de_Zamora\" data-type=\"link\" data-id=\"https:\/\/www.researchgate.net\/publication\/346070504_Plan_de_Accion_para_la_Conservacion_de_los_Anfibios_del_Abra_de_Zamora\" target=\"_blank\" rel=\"noreferrer noopener\">plan de acci\u00f3n para la conservaci\u00f3n de los anfibios presentes en el Abra de Zamora<\/a><\/strong>, que plantea 14 objetivos alcanzables en un plazo de 10 a\u00f1os a partir de su aprobaci\u00f3n y publicaci\u00f3n en 2020, y que concreta distintas acciones locales a ejecutar a trav\u00e9s de un trabajo de cooperaci\u00f3n interinstitucional en torno a cinco l\u00edneas estrat\u00e9gicas: pol\u00edtica, legislaci\u00f3n y articulaci\u00f3n institucional; investigaci\u00f3n y monitoreo de anfibios; conservaci\u00f3n in situ y ex situ; comunicaci\u00f3n, educaci\u00f3n y capacitaci\u00f3n; y, sostenibilidad financiera.<\/p>\n<\/div>\n\n\n\n<div class=\"wp-block-column is-layout-flow wp-block-column-is-layout-flow\" style=\"flex-basis:66.66%\"><div class=\"wp-block-image\">\n<figure data-wp-context=\"{ &quot;core&quot;:\n\t\t\t\t{ &quot;image&quot;:\n\t\t\t\t\t{   &quot;imageLoaded&quot;: false,\n\t\t\t\t\t\t&quot;initialized&quot;: false,\n\t\t\t\t\t\t&quot;lightboxEnabled&quot;: false,\n\t\t\t\t\t\t&quot;hideAnimationEnabled&quot;: false,\n\t\t\t\t\t\t&quot;preloadInitialized&quot;: false,\n\t\t\t\t\t\t&quot;lightboxAnimation&quot;: &quot;zoom&quot;,\n\t\t\t\t\t\t&quot;imageUploadedSrc&quot;: &quot;https:\/\/vinculacion.utpl.edu.ec\/revistaimpactomas\/wp-content\/uploads\/2024\/07\/plan-accion-conservacion-anfibios-ecuador-abra-zamora-utpl.png&quot;,\n\t\t\t\t\t\t&quot;imageCurrentSrc&quot;: &quot;&quot;,\n\t\t\t\t\t\t&quot;targetWidth&quot;: &quot;3334&quot;,\n\t\t\t\t\t\t&quot;targetHeight&quot;: &quot;3334&quot;,\n\t\t\t\t\t\t&quot;scaleAttr&quot;: &quot;&quot;,\n\t\t\t\t\t\t&quot;dialogLabel&quot;: &quot;Enlarged image&quot;\n\t\t\t\t\t}\n\t\t\t\t}\n\t\t\t}\" data-wp-interactive class=\"aligncenter size-large is-resized wp-lightbox-container\"><img decoding=\"async\" width=\"1024\" height=\"1024\" data-wp-effect--setStylesOnResize=\"effects.core.image.setStylesOnResize\" data-wp-effect=\"effects.core.image.setButtonStyles\" data-wp-init=\"effects.core.image.initOriginImage\" data-wp-on--click=\"actions.core.image.showLightbox\" data-wp-on--load=\"actions.core.image.handleLoad\" src=\"https:\/\/vinculacion.utpl.edu.ec\/revistaimpactomas\/wp-content\/uploads\/2024\/07\/plan-accion-conservacion-anfibios-ecuador-abra-zamora-utpl-1024x1024.png\" alt=\"\" class=\"wp-image-3127\" style=\"width:450px\" srcset=\"https:\/\/vinculacion.utpl.edu.ec\/revistaimpactomas\/wp-content\/uploads\/2024\/07\/plan-accion-conservacion-anfibios-ecuador-abra-zamora-utpl-1024x1024.png 1024w, https:\/\/vinculacion.utpl.edu.ec\/revistaimpactomas\/wp-content\/uploads\/2024\/07\/plan-accion-conservacion-anfibios-ecuador-abra-zamora-utpl-300x300.png 300w, https:\/\/vinculacion.utpl.edu.ec\/revistaimpactomas\/wp-content\/uploads\/2024\/07\/plan-accion-conservacion-anfibios-ecuador-abra-zamora-utpl-150x150.png 150w, https:\/\/vinculacion.utpl.edu.ec\/revistaimpactomas\/wp-content\/uploads\/2024\/07\/plan-accion-conservacion-anfibios-ecuador-abra-zamora-utpl-768x768.png 768w, https:\/\/vinculacion.utpl.edu.ec\/revistaimpactomas\/wp-content\/uploads\/2024\/07\/plan-accion-conservacion-anfibios-ecuador-abra-zamora-utpl-1536x1536.png 1536w, https:\/\/vinculacion.utpl.edu.ec\/revistaimpactomas\/wp-content\/uploads\/2024\/07\/plan-accion-conservacion-anfibios-ecuador-abra-zamora-utpl-2048x2048.png 2048w\" sizes=\"(max-width: 1024px) 100vw, 1024px\" \/><button\n\t\t\tclass=\"lightbox-trigger\"\n\t\t\ttype=\"button\"\n\t\t\taria-haspopup=\"dialog\"\n\t\t\taria-label=\"Enlarge image\"\n\t\t\tdata-wp-on--click=\"actions.core.image.showLightbox\"\n\t\t\tdata-wp-style--right=\"context.core.image.imageButtonRight\"\n\t\t\tdata-wp-style--top=\"context.core.image.imageButtonTop\"\n\t\t>\n\t\t\t<svg xmlns=\"http:\/\/www.w3.org\/2000\/svg\" width=\"12\" height=\"12\" fill=\"none\" viewBox=\"0 0 12 12\">\n\t\t\t\t<path fill=\"#fff\" d=\"M2 0a2 2 0 0 0-2 2v2h1.5V2a.5.5 0 0 1 .5-.5h2V0H2Zm2 10.5H2a.5.5 0 0 1-.5-.5V8H0v2a2 2 0 0 0 2 2h2v-1.5ZM8 12v-1.5h2a.5.5 0 0 0 .5-.5V8H12v2a2 2 0 0 1-2 2H8Zm2-12a2 2 0 0 1 2 2v2h-1.5V2a.5.5 0 0 0-.5-.5H8V0h2Z\" \/>\n\t\t\t<\/svg>\n\t\t<\/button>        <div data-wp-body=\"\" class=\"wp-lightbox-overlay zoom\"\n            data-wp-bind--role=\"selectors.core.image.roleAttribute\"\n            data-wp-bind--aria-label=\"selectors.core.image.dialogLabel\"\n            data-wp-class--initialized=\"context.core.image.initialized\"\n            data-wp-class--active=\"context.core.image.lightboxEnabled\"\n            data-wp-class--hideAnimationEnabled=\"context.core.image.hideAnimationEnabled\"\n            data-wp-bind--aria-modal=\"selectors.core.image.ariaModal\"\n            data-wp-effect=\"effects.core.image.initLightbox\"\n            data-wp-on--keydown=\"actions.core.image.handleKeydown\"\n            data-wp-on--touchstart=\"actions.core.image.handleTouchStart\"\n            data-wp-on--touchmove=\"actions.core.image.handleTouchMove\"\n            data-wp-on--touchend=\"actions.core.image.handleTouchEnd\"\n            data-wp-on--click=\"actions.core.image.hideLightbox\"\n            tabindex=\"-1\"\n            >\n                <button type=\"button\" aria-label=\"Cerrar\" style=\"fill: #000\" class=\"close-button\" data-wp-on--click=\"actions.core.image.hideLightbox\">\n                    <svg xmlns=\"http:\/\/www.w3.org\/2000\/svg\" viewBox=\"0 0 24 24\" width=\"20\" height=\"20\" aria-hidden=\"true\" focusable=\"false\"><path d=\"M13 11.8l6.1-6.3-1-1-6.1 6.2-6.1-6.2-1 1 6.1 6.3-6.5 6.7 1 1 6.5-6.6 6.5 6.6 1-1z\"><\/path><\/svg>\n                <\/button>\n                <div class=\"lightbox-image-container\"><div class=\"wp-block-image\">\n<figure class=\"aligncenter size-large is-resized responsive-image\"><img decoding=\"async\" data-wp-bind--src=\"context.core.image.imageCurrentSrc\" data-wp-style--object-fit=\"selectors.core.image.lightboxObjectFit\" src=\"\" alt=\"\" class=\"wp-image-3127\" style=\"width:450px\"\/><\/figure><\/div><\/div>\n                <div class=\"lightbox-image-container\"><div class=\"wp-block-image\">\n<figure class=\"aligncenter size-large is-resized enlarged-image\"><img decoding=\"async\" data-wp-bind--src=\"selectors.core.image.enlargedImgSrc\" data-wp-style--object-fit=\"selectors.core.image.lightboxObjectFit\" src=\"\" alt=\"\" class=\"wp-image-3127\" style=\"width:450px\"\/><\/figure><\/div><\/div>\n                <div class=\"scrim\" style=\"background-color: #fff\" aria-hidden=\"true\"><\/div>\n        <\/div><\/figure><\/div><\/div>\n<\/div>\n\n\n\n<div style=\"height:40px\" aria-hidden=\"true\" class=\"wp-block-spacer\"><\/div>\n\n\n\n<p>En la misma l\u00ednea, en 2022, la UTPL junto a NCI, esta vez con el financiamiento de <em>Rainforest Trust<\/em>, impulsan un <strong>nuevo proyecto de vinculaci\u00f3n <\/strong>con el que buscan ampliar y fortalecer el impacto de las acciones de investigaci\u00f3n cient\u00edfica que contribuyen a la protecci\u00f3n y monitoreo de especies de anfibios en el Abra de Zamora y,<strong> para 2027,<\/strong> <strong>lograr la ampliaci\u00f3n del Parque Nacional Podocarpus hacia los territorios de esta \u00e1rea clave de biodiversidad <\/strong>que se encuentran sin un estatus de conservaci\u00f3n dentro del Sistema Nacional de \u00c1reas Protegidas del Ecuador.<\/p>\n\n\n\n<div style=\"height:40px\" aria-hidden=\"true\" class=\"wp-block-spacer\"><\/div>\n\n\n\n<h2 class=\"wp-block-heading\">| Avances de investigaci\u00f3n cient\u00edfica para la conservaci\u00f3n del Abra de Zamora<\/h2>\n\n\n\n<p>En los \u00faltimos dos a\u00f1os, como parte de las acciones de exploraci\u00f3n, monitoreo e investigaci\u00f3n cient\u00edfica de anfibios que implica el segundo proyecto de vinculaci\u00f3n ejecutado por UTPL y NCI, se han identificado en el Abra de Zamora \u2015hasta mayo de 2024\u2015 un total de <strong>49 especies de anfibios, de las cuales, 22 son end\u00e9micas y 14 nuevas para la ciencia<\/strong>.<\/p>\n\n\n\n<p>Entre las <strong>especies end\u00e9micas<\/strong> destacan cuatro g\u00e9neros de anfibios: ranas de lluvia, ranas de cristal, ranas marsupiales y salamandras.<\/p>\n\n\n\n<div class=\"container-wrapper-genially\" style=\"position: relative; min-height: 400px; max-width: 100%;\"><video class=\"loader-genially\" autoplay=\"autoplay\" loop=\"loop\" playsinline=\"playsInline\" muted=\"muted\" style=\"position: absolute;top: 45%;left: 50%;transform: translate(-50%, -50%);width: 80px;height: 80px;margin-bottom: 10%\"><source src=\"https:\/\/static.genially.com\/resources\/loader-default-rebranding.mp4\" type=\"video\/mp4\" \/>Your browser does not support the video tag.<\/video><div id=\"6667df89ff4c40001427d2ba\" class=\"genially-embed\" style=\"margin: 0px auto; position: relative; height: auto; width: 100%;\"><\/div><\/div><script>(function (d) { var js, id = \"genially-embed-js\", ref = d.getElementsByTagName(\"script\")[0]; if (d.getElementById(id)) { return; } js = d.createElement(\"script\"); js.id = id; js.async = true; js.src = \"https:\/\/view.genially.com\/static\/embed\/embed.js\"; ref.parentNode.insertBefore(js, ref); }(document));<\/script>\n\n\n\n<div style=\"height:40px\" aria-hidden=\"true\" class=\"wp-block-spacer\"><\/div>\n\n\n\n<p>Durante este tiempo, el trabajo conjunto de EcosS Lab de la UTPL y NCI, logr\u00f3 la <strong>descripci\u00f3n de tres nuevos anfibios end\u00e9micos del Abra de Zamora:<em> Pristimantis matildae<\/em>, <em>Pristimantis sagedunneae<\/em> y<em> Pristimantis samaniegoi<\/em><\/strong>, luego de un arduo proceso de investigaci\u00f3n que implica, de forma sistem\u00e1tica y c\u00edclica, la ejecuci\u00f3n de una serie de fases concatenadas: desde el estudio riguroso de las especies de anfibios ya existentes y descritas a nivel mundial, pasando por un trabajo de campo minucioso de exploraci\u00f3n, observaci\u00f3n nocturna y levantamiento fotogr\u00e1fico de las nuevas especies identificadas, hasta la ejecuci\u00f3n de pruebas de ADN en el Laboratorio de Biolog\u00eda Molecular de la UTPL, para finalmente realizar una integraci\u00f3n de datos gen\u00e9ticos y morfol\u00f3gicos que permiten realizar la descripci\u00f3n oficial de los hallazgos ante la comunidad cient\u00edfica internacional.<\/p>\n\n\n\n<p>Diego Armijos Ojeda, quien es tambi\u00e9n l\u00edder del proyecto de vinculaci\u00f3n por parte de UTPL, destaca que todo el proceso de monitoreo e investigaci\u00f3n cient\u00edfica es desarrollado siguiendo <strong>protocolos internacionales de manejo y cuidado animal <\/strong>y contando conlos<strong> permisos y respaldo del Ministerio del Ambiente, Agua y Transici\u00f3n Ecol\u00f3gica del Ecuador<\/strong>.<\/p>\n\n\n\n<p>El proceso no concluye con la descripci\u00f3n oficial de la especie a trav\u00e9s de una publicaci\u00f3n cient\u00edfica y su correspondiente registro en el <a href=\"https:\/\/www.ncbi.nlm.nih.gov\/genbank\/\" target=\"_blank\" rel=\"noreferrer noopener\">GenBank<\/a>, una base de datos p\u00fablica de secuencias gen\u00e9ticas a nivel global liderada por los Institutos Nacionales de Salud de Estados Unidos. En ese momento, la misi\u00f3n de conservaci\u00f3n reci\u00e9n empieza.<\/p>\n\n\n\n<p>Desde la universidad, explica Armijos, luego de describir una especie, eval\u00faan su estado de conservaci\u00f3n bajo los par\u00e1metros de la <a href=\"https:\/\/www.iucn.org\/es\" target=\"_blank\" rel=\"noreferrer noopener\">Uni\u00f3n Internacional para la Conservaci\u00f3n de la Naturaleza (UICN)<\/a> y, desde ese conocimiento, establecen estrategias de conservaci\u00f3n que se puedan ejecutar por medio de un trabajo colaborativo entre la academia, fundaciones ambientales, organismos gubernamentales y miembros de la sociedad civil.<\/p>\n\n\n\n<div style=\"height:20px\" aria-hidden=\"true\" class=\"wp-block-spacer\"><\/div>\n\n\n\n<figure class=\"wp-block-pullquote has-background has-medium-font-size\" style=\"background-color:#fdeab5\"><blockquote><p>Cuando ya describimos una especie, el siguiente paso es evaluar su estado de conservaci\u00f3n bajo los lineamientos de la UICN para saber si est\u00e1 amenazada o en peligro de extinci\u00f3n. Con ello, desde la UTPL proponemos estrategias espec\u00edficas que contribuyan a la protecci\u00f3n de cada especie, buscando siempre la uni\u00f3n de distintos actores estrat\u00e9gicos de la sociedad.<\/p><cite><strong>Diego Armijos Ojeda<\/strong><br>Docente del departamento de Ciencias Biol\u00f3gicas y Agropecuarias \u2013 UTPL<\/cite><\/blockquote><\/figure>\n\n\n\n<div style=\"height:40px\" aria-hidden=\"true\" class=\"wp-block-spacer\"><\/div>\n\n\n\n<p>Buscando la consecuci\u00f3n del m\u00e1ximo objetivo del proyecto de vinculaci\u00f3n, las instituciones trabajan paralelamente en la <strong>ejecuci\u00f3n del Plan de acci\u00f3n para la conservaci\u00f3n de anfibios del Abra de Zamora<\/strong>, contemplando para ello dos ejes de intervenci\u00f3n adicionales a las acciones de exploraci\u00f3n y monitoreo de anfibios:<\/p>\n\n\n\n<ul>\n<li>Identificaci\u00f3n de amenazas y evaluaci\u00f3n de enfermedades que afectan a las poblaciones de anfibios; y,<\/li>\n\n\n\n<li>Capacitaci\u00f3n e implementaci\u00f3n de acciones de manejo y educaci\u00f3n ambiental para la protecci\u00f3n de anfibios.<\/li>\n<\/ul>\n\n\n\n<p><\/p>\n\n\n\n<p>UTPL y NCI aspiran que, hasta 2027, el trabajo coordinado entre distintas entidades bajo este plan, permita tener integrada ya el Abra de Zamora en algunas categor\u00edas eficientes de conservaci\u00f3n a nivel nacional.<\/p>\n","protected":false},"excerpt":{"rendered":"<p>22 especies end\u00e9micas de anfibios identificadas en el Abra de Zamora durante los \u00faltimos 15 a\u00f1os y la posibilidad de extinci\u00f3n de cuatro especies de ranas, aceleran la necesidad de conservaci\u00f3n de esta \u00e1rea clave de biodiversidad como parte del Sistema Nacional de \u00c1reas Protegidas del Ecuador. Un proyecto de vinculaci\u00f3n ejecutado por UTPL y NCI se plantea lograr este objetivo hasta 2027, a trav\u00e9s de distintas acciones de investigaci\u00f3n cient\u00edfica, conservaci\u00f3n y educaci\u00f3n ambiental.<\/p>\n","protected":false},"author":2,"featured_media":3184,"comment_status":"closed","ping_status":"closed","sticky":true,"template":"","format":"standard","meta":{"footnotes":""},"categories":[42],"tags":[116,117,119,118,110,72,68,69,67,66],"edicion":[11],"linea-de-accion":[47],"acf":[],"_links":{"self":[{"href":"https:\/\/vinculacion.utpl.edu.ec\/revistaimpactomas\/wp-json\/wp\/v2\/posts\/3123"}],"collection":[{"href":"https:\/\/vinculacion.utpl.edu.ec\/revistaimpactomas\/wp-json\/wp\/v2\/posts"}],"about":[{"href":"https:\/\/vinculacion.utpl.edu.ec\/revistaimpactomas\/wp-json\/wp\/v2\/types\/post"}],"author":[{"embeddable":true,"href":"https:\/\/vinculacion.utpl.edu.ec\/revistaimpactomas\/wp-json\/wp\/v2\/users\/2"}],"replies":[{"embeddable":true,"href":"https:\/\/vinculacion.utpl.edu.ec\/revistaimpactomas\/wp-json\/wp\/v2\/comments?post=3123"}],"version-history":[{"count":54,"href":"https:\/\/vinculacion.utpl.edu.ec\/revistaimpactomas\/wp-json\/wp\/v2\/posts\/3123\/revisions"}],"predecessor-version":[{"id":3361,"href":"https:\/\/vinculacion.utpl.edu.ec\/revistaimpactomas\/wp-json\/wp\/v2\/posts\/3123\/revisions\/3361"}],"wp:featuredmedia":[{"embeddable":true,"href":"https:\/\/vinculacion.utpl.edu.ec\/revistaimpactomas\/wp-json\/wp\/v2\/media\/3184"}],"wp:attachment":[{"href":"https:\/\/vinculacion.utpl.edu.ec\/revistaimpactomas\/wp-json\/wp\/v2\/media?parent=3123"}],"wp:term":[{"taxonomy":"category","embeddable":true,"href":"https:\/\/vinculacion.utpl.edu.ec\/revistaimpactomas\/wp-json\/wp\/v2\/categories?post=3123"},{"taxonomy":"post_tag","embeddable":true,"href":"https:\/\/vinculacion.utpl.edu.ec\/revistaimpactomas\/wp-json\/wp\/v2\/tags?post=3123"},{"taxonomy":"edicion","embeddable":true,"href":"https:\/\/vinculacion.utpl.edu.ec\/revistaimpactomas\/wp-json\/wp\/v2\/edicion?post=3123"},{"taxonomy":"linea-de-accion","embeddable":true,"href":"https:\/\/vinculacion.utpl.edu.ec\/revistaimpactomas\/wp-json\/wp\/v2\/linea-de-accion?post=3123"}],"curies":[{"name":"wp","href":"https:\/\/api.w.org\/{rel}","templated":true}]}}