{"id":2668,"date":"2023-06-12T16:41:00","date_gmt":"2023-06-12T21:41:00","guid":{"rendered":"https:\/\/vinculacion.utpl.edu.ec\/impactomas\/?p=2668"},"modified":"2024-11-13T13:20:24","modified_gmt":"2024-11-13T18:20:24","slug":"fedes-una-decada-como-fundacion-universitaria-construyendo-comunidades-sostenibles-en-ecuador","status":"publish","type":"post","link":"https:\/\/vinculacion.utpl.edu.ec\/revistaimpactomas\/voces-con-impacto\/fedes-una-decada-como-fundacion-universitaria-construyendo-comunidades-sostenibles-en-ecuador\/","title":{"rendered":"FEDES: una d\u00e9cada como fundaci\u00f3n universitaria construyendo comunidades sostenibles en Ecuador"},"content":{"rendered":"\n<p>De acuerdo al <a href=\"https:\/\/dpej.rae.es\/lema\/fundaci%C3%B3n-universitaria\" target=\"_blank\" rel=\"noreferrer noopener\">diccionario panhisp\u00e1nico del espa\u00f1ol jur\u00eddico<\/a>, una <strong>fundaci\u00f3n universitaria<\/strong> es una \u00abfundaci\u00f3n dependiente de una universidad que generalmente tiene encomendada la gesti\u00f3n econ\u00f3mica derivada de los contratos de transferencia de resultados de la investigaci\u00f3n que suscriben los profesores universitarios con las empresas\u00bb (2023).<\/p>\n\n\n\n<p>Desde esa visi\u00f3n, se estima que la mayor parte de las fundaciones universitarias nacen entre 1980 y 2001 y que sus funciones principales refieren a formaci\u00f3n, promoci\u00f3n de la investigaci\u00f3n, concesi\u00f3n de becas, inserci\u00f3n laboral y creaci\u00f3n de viveros de empresas, seg\u00fan datos de un estudio realizado en Europa por el <a href=\"https:\/\/www.inaecu.com\/las-actividades-de-las-fundaciones-universitarias\/\" target=\"_blank\" rel=\"noreferrer noopener\">Instituto Interuniversitario \u00abInvestigaci\u00f3n Avanzada sobre Evaluaci\u00f3n de la Ciencia y la Universidad\u00bb<\/a> (2011). Pero en Ecuador, la historia de las fundaciones universitarias es otra, empezando por el hecho de que su presencia es reducida en comparaci\u00f3n con otros pa\u00edses iberoamericanos y de que los retos que afrontan dentro de un pa\u00eds en v\u00edas de desarrollo son apremiantes.<\/p>\n\n\n\n<p>En esta entrevista, conversamos con <a href=\"https:\/\/investigacion.utpl.edu.ec\/rbeltran?qt-proyectos_tipos=4\" target=\"_blank\" rel=\"noreferrer noopener\">Roberto Beltr\u00e1n Zambrano<\/a><strong>, director ejecutivo de la <\/strong><a href=\"https:\/\/www.fedes.ec\/\" target=\"_blank\" rel=\"noreferrer noopener\">Fundaci\u00f3n para el Desarrollo Empresarial y Social (FEDES)<\/a> \u2015una fundaci\u00f3n aliada a la <a href=\"https:\/\/utpl.edu.ec\/\" data-type=\"link\" data-id=\"https:\/\/utpl.edu.ec\/\" target=\"_blank\" rel=\"noreferrer noopener\">Universidad T\u00e9cnica Particular de Loja (UTPL)<\/a>\u2015, para profundizar en torno a la <strong>misionalidad de las fundaciones universitarias como herramientas estrat\u00e9gicas de vinculaci\u00f3n con la sociedad<\/strong> y descubrir cu\u00e1l es el camino recorrido por FEDES al cumplir, este 2023, 10 a\u00f1os de servicio en Ecuador, realizando una gesti\u00f3n que ha permitido contribuir al desarrollo sostenible de las comunidades, a partir de la extensi\u00f3n de los proyectos universitarios generados desde la academia e investigaci\u00f3n para dar soluci\u00f3n a problem\u00e1ticas reales identificadas en el territorio.<\/p>\n\n\n<style>.elementor-2373 .elementor-element.elementor-element-2dccebc{padding:0px 0px 0px 0px;}.elementor-2373 .elementor-element.elementor-element-9e1498d .elementor-toggle-item:not(:last-child){margin-bottom:30px;}.elementor-2373 .elementor-element.elementor-element-9e1498d .elementor-tab-title{background-color:var( --e-global-color-primary );}.elementor-2373 .elementor-element.elementor-element-9e1498d .elementor-toggle-title, .elementor-2373 .elementor-element.elementor-element-9e1498d .elementor-toggle-icon{color:var( --e-global-color-c2b92e2 );}.elementor-2373 .elementor-element.elementor-element-9e1498d .elementor-toggle-icon svg{fill:var( --e-global-color-c2b92e2 );}.elementor-2373 .elementor-element.elementor-element-9e1498d .elementor-tab-title.elementor-active a, .elementor-2373 .elementor-element.elementor-element-9e1498d .elementor-tab-title.elementor-active .elementor-toggle-icon{color:var( --e-global-color-c2b92e2 );}.elementor-2373 .elementor-element.elementor-element-9e1498d .elementor-toggle-title{font-family:var( --e-global-typography-accent-font-family ), Sans-serif;font-size:var( --e-global-typography-accent-font-size );font-weight:var( --e-global-typography-accent-font-weight );line-height:var( --e-global-typography-accent-line-height );}.elementor-2373 .elementor-element.elementor-element-9e1498d .elementor-tab-title .elementor-toggle-icon i:before{color:var( --e-global-color-secondary );}.elementor-2373 .elementor-element.elementor-element-9e1498d .elementor-tab-title .elementor-toggle-icon svg{fill:var( --e-global-color-secondary );}.elementor-2373 .elementor-element.elementor-element-9e1498d .elementor-tab-title.elementor-active .elementor-toggle-icon i:before{color:var( --e-global-color-secondary );}.elementor-2373 .elementor-element.elementor-element-9e1498d .elementor-tab-title.elementor-active .elementor-toggle-icon svg{fill:var( --e-global-color-secondary );}.elementor-2373 .elementor-element.elementor-element-9e1498d .elementor-tab-content{background-color:#FF9E0F1A;padding:30px 30px 30px 30px;}.elementor-2373 .elementor-element.elementor-element-ae1fde2 .elementor-toggle-item:not(:last-child){margin-bottom:30px;}.elementor-2373 .elementor-element.elementor-element-ae1fde2 .elementor-tab-title{background-color:var( --e-global-color-primary );}.elementor-2373 .elementor-element.elementor-element-ae1fde2 .elementor-toggle-title, .elementor-2373 .elementor-element.elementor-element-ae1fde2 .elementor-toggle-icon{color:var( --e-global-color-c2b92e2 );}.elementor-2373 .elementor-element.elementor-element-ae1fde2 .elementor-toggle-icon svg{fill:var( --e-global-color-c2b92e2 );}.elementor-2373 .elementor-element.elementor-element-ae1fde2 .elementor-tab-title.elementor-active a, .elementor-2373 .elementor-element.elementor-element-ae1fde2 .elementor-tab-title.elementor-active .elementor-toggle-icon{color:var( --e-global-color-c2b92e2 );}.elementor-2373 .elementor-element.elementor-element-ae1fde2 .elementor-toggle-title{font-family:var( --e-global-typography-accent-font-family ), Sans-serif;font-size:var( --e-global-typography-accent-font-size );font-weight:var( --e-global-typography-accent-font-weight );line-height:var( --e-global-typography-accent-line-height );}.elementor-2373 .elementor-element.elementor-element-ae1fde2 .elementor-tab-title .elementor-toggle-icon i:before{color:var( --e-global-color-secondary );}.elementor-2373 .elementor-element.elementor-element-ae1fde2 .elementor-tab-title .elementor-toggle-icon svg{fill:var( --e-global-color-secondary );}.elementor-2373 .elementor-element.elementor-element-ae1fde2 .elementor-tab-title.elementor-active .elementor-toggle-icon i:before{color:var( --e-global-color-secondary );}.elementor-2373 .elementor-element.elementor-element-ae1fde2 .elementor-tab-title.elementor-active .elementor-toggle-icon svg{fill:var( --e-global-color-secondary );}.elementor-2373 .elementor-element.elementor-element-ae1fde2 .elementor-tab-content{background-color:#FF9E0F1A;padding:30px 30px 30px 30px;}.elementor-2373 .elementor-element.elementor-element-daa8477 .elementor-toggle-item:not(:last-child){margin-bottom:30px;}.elementor-2373 .elementor-element.elementor-element-daa8477 .elementor-tab-title{background-color:var( --e-global-color-primary );}.elementor-2373 .elementor-element.elementor-element-daa8477 .elementor-toggle-title, .elementor-2373 .elementor-element.elementor-element-daa8477 .elementor-toggle-icon{color:var( --e-global-color-c2b92e2 );}.elementor-2373 .elementor-element.elementor-element-daa8477 .elementor-toggle-icon svg{fill:var( --e-global-color-c2b92e2 );}.elementor-2373 .elementor-element.elementor-element-daa8477 .elementor-tab-title.elementor-active a, .elementor-2373 .elementor-element.elementor-element-daa8477 .elementor-tab-title.elementor-active .elementor-toggle-icon{color:var( --e-global-color-c2b92e2 );}.elementor-2373 .elementor-element.elementor-element-daa8477 .elementor-toggle-title{font-family:var( --e-global-typography-accent-font-family ), Sans-serif;font-size:var( --e-global-typography-accent-font-size );font-weight:var( --e-global-typography-accent-font-weight );line-height:var( --e-global-typography-accent-line-height );}.elementor-2373 .elementor-element.elementor-element-daa8477 .elementor-tab-title .elementor-toggle-icon i:before{color:var( --e-global-color-secondary );}.elementor-2373 .elementor-element.elementor-element-daa8477 .elementor-tab-title .elementor-toggle-icon svg{fill:var( --e-global-color-secondary );}.elementor-2373 .elementor-element.elementor-element-daa8477 .elementor-tab-title.elementor-active .elementor-toggle-icon i:before{color:var( --e-global-color-secondary );}.elementor-2373 .elementor-element.elementor-element-daa8477 .elementor-tab-title.elementor-active .elementor-toggle-icon svg{fill:var( --e-global-color-secondary );}.elementor-2373 .elementor-element.elementor-element-daa8477 .elementor-tab-content{background-color:#FF9E0F1A;padding:30px 30px 30px 30px;}.elementor-2373 .elementor-element.elementor-element-06725e5 .elementor-toggle-item:not(:last-child){margin-bottom:30px;}.elementor-2373 .elementor-element.elementor-element-06725e5 .elementor-tab-title{background-color:var( --e-global-color-primary );}.elementor-2373 .elementor-element.elementor-element-06725e5 .elementor-toggle-title, .elementor-2373 .elementor-element.elementor-element-06725e5 .elementor-toggle-icon{color:var( --e-global-color-c2b92e2 );}.elementor-2373 .elementor-element.elementor-element-06725e5 .elementor-toggle-icon svg{fill:var( --e-global-color-c2b92e2 );}.elementor-2373 .elementor-element.elementor-element-06725e5 .elementor-tab-title.elementor-active a, .elementor-2373 .elementor-element.elementor-element-06725e5 .elementor-tab-title.elementor-active .elementor-toggle-icon{color:var( --e-global-color-c2b92e2 );}.elementor-2373 .elementor-element.elementor-element-06725e5 .elementor-toggle-title{font-family:var( --e-global-typography-accent-font-family ), Sans-serif;font-size:var( --e-global-typography-accent-font-size );font-weight:var( --e-global-typography-accent-font-weight );line-height:var( --e-global-typography-accent-line-height );}.elementor-2373 .elementor-element.elementor-element-06725e5 .elementor-tab-title .elementor-toggle-icon i:before{color:var( --e-global-color-secondary );}.elementor-2373 .elementor-element.elementor-element-06725e5 .elementor-tab-title .elementor-toggle-icon svg{fill:var( --e-global-color-secondary );}.elementor-2373 .elementor-element.elementor-element-06725e5 .elementor-tab-title.elementor-active .elementor-toggle-icon i:before{color:var( --e-global-color-secondary );}.elementor-2373 .elementor-element.elementor-element-06725e5 .elementor-tab-title.elementor-active .elementor-toggle-icon svg{fill:var( --e-global-color-secondary );}.elementor-2373 .elementor-element.elementor-element-06725e5 .elementor-tab-content{background-color:#FF9E0F1A;padding:30px 30px 30px 30px;}.elementor-2373 .elementor-element.elementor-element-6bb1d7e .elementor-toggle-item:not(:last-child){margin-bottom:30px;}.elementor-2373 .elementor-element.elementor-element-6bb1d7e .elementor-tab-title{background-color:var( --e-global-color-primary );}.elementor-2373 .elementor-element.elementor-element-6bb1d7e .elementor-toggle-title, .elementor-2373 .elementor-element.elementor-element-6bb1d7e .elementor-toggle-icon{color:var( --e-global-color-c2b92e2 );}.elementor-2373 .elementor-element.elementor-element-6bb1d7e .elementor-toggle-icon svg{fill:var( --e-global-color-c2b92e2 );}.elementor-2373 .elementor-element.elementor-element-6bb1d7e .elementor-tab-title.elementor-active a, .elementor-2373 .elementor-element.elementor-element-6bb1d7e .elementor-tab-title.elementor-active .elementor-toggle-icon{color:var( --e-global-color-c2b92e2 );}.elementor-2373 .elementor-element.elementor-element-6bb1d7e .elementor-toggle-title{font-family:var( --e-global-typography-accent-font-family ), Sans-serif;font-size:var( --e-global-typography-accent-font-size );font-weight:var( --e-global-typography-accent-font-weight );line-height:var( --e-global-typography-accent-line-height );}.elementor-2373 .elementor-element.elementor-element-6bb1d7e .elementor-tab-title .elementor-toggle-icon i:before{color:var( --e-global-color-secondary );}.elementor-2373 .elementor-element.elementor-element-6bb1d7e .elementor-tab-title .elementor-toggle-icon svg{fill:var( --e-global-color-secondary );}.elementor-2373 .elementor-element.elementor-element-6bb1d7e .elementor-tab-title.elementor-active .elementor-toggle-icon i:before{color:var( --e-global-color-secondary );}.elementor-2373 .elementor-element.elementor-element-6bb1d7e .elementor-tab-title.elementor-active .elementor-toggle-icon svg{fill:var( --e-global-color-secondary );}.elementor-2373 .elementor-element.elementor-element-6bb1d7e .elementor-tab-content{background-color:#FF9E0F1A;padding:30px 30px 30px 30px;}.elementor-2373 .elementor-element.elementor-element-e7f2396 .elementor-toggle-item:not(:last-child){margin-bottom:30px;}.elementor-2373 .elementor-element.elementor-element-e7f2396 .elementor-tab-title{background-color:var( --e-global-color-primary );}.elementor-2373 .elementor-element.elementor-element-e7f2396 .elementor-toggle-title, .elementor-2373 .elementor-element.elementor-element-e7f2396 .elementor-toggle-icon{color:var( --e-global-color-c2b92e2 );}.elementor-2373 .elementor-element.elementor-element-e7f2396 .elementor-toggle-icon svg{fill:var( --e-global-color-c2b92e2 );}.elementor-2373 .elementor-element.elementor-element-e7f2396 .elementor-tab-title.elementor-active a, .elementor-2373 .elementor-element.elementor-element-e7f2396 .elementor-tab-title.elementor-active .elementor-toggle-icon{color:var( --e-global-color-c2b92e2 );}.elementor-2373 .elementor-element.elementor-element-e7f2396 .elementor-toggle-title{font-family:var( --e-global-typography-accent-font-family ), Sans-serif;font-size:var( --e-global-typography-accent-font-size );font-weight:var( --e-global-typography-accent-font-weight );line-height:var( --e-global-typography-accent-line-height );}.elementor-2373 .elementor-element.elementor-element-e7f2396 .elementor-tab-title .elementor-toggle-icon i:before{color:var( --e-global-color-secondary );}.elementor-2373 .elementor-element.elementor-element-e7f2396 .elementor-tab-title .elementor-toggle-icon svg{fill:var( --e-global-color-secondary );}.elementor-2373 .elementor-element.elementor-element-e7f2396 .elementor-tab-title.elementor-active .elementor-toggle-icon i:before{color:var( --e-global-color-secondary );}.elementor-2373 .elementor-element.elementor-element-e7f2396 .elementor-tab-title.elementor-active .elementor-toggle-icon svg{fill:var( --e-global-color-secondary );}.elementor-2373 .elementor-element.elementor-element-e7f2396 .elementor-tab-content{background-color:#FF9E0F1A;padding:30px 30px 30px 30px;}.elementor-2373 .elementor-element.elementor-element-aac6d0f .elementor-toggle-item:not(:last-child){margin-bottom:30px;}.elementor-2373 .elementor-element.elementor-element-aac6d0f .elementor-tab-title{background-color:var( --e-global-color-primary );}.elementor-2373 .elementor-element.elementor-element-aac6d0f .elementor-toggle-title, .elementor-2373 .elementor-element.elementor-element-aac6d0f .elementor-toggle-icon{color:var( --e-global-color-c2b92e2 );}.elementor-2373 .elementor-element.elementor-element-aac6d0f .elementor-toggle-icon svg{fill:var( --e-global-color-c2b92e2 );}.elementor-2373 .elementor-element.elementor-element-aac6d0f .elementor-tab-title.elementor-active a, .elementor-2373 .elementor-element.elementor-element-aac6d0f .elementor-tab-title.elementor-active .elementor-toggle-icon{color:var( --e-global-color-c2b92e2 );}.elementor-2373 .elementor-element.elementor-element-aac6d0f .elementor-toggle-title{font-family:var( --e-global-typography-accent-font-family ), Sans-serif;font-size:var( --e-global-typography-accent-font-size );font-weight:var( --e-global-typography-accent-font-weight );line-height:var( --e-global-typography-accent-line-height );}.elementor-2373 .elementor-element.elementor-element-aac6d0f .elementor-tab-title .elementor-toggle-icon i:before{color:var( --e-global-color-secondary );}.elementor-2373 .elementor-element.elementor-element-aac6d0f .elementor-tab-title .elementor-toggle-icon svg{fill:var( --e-global-color-secondary );}.elementor-2373 .elementor-element.elementor-element-aac6d0f .elementor-tab-title.elementor-active .elementor-toggle-icon i:before{color:var( --e-global-color-secondary );}.elementor-2373 .elementor-element.elementor-element-aac6d0f .elementor-tab-title.elementor-active .elementor-toggle-icon svg{fill:var( --e-global-color-secondary );}.elementor-2373 .elementor-element.elementor-element-aac6d0f .elementor-tab-content{background-color:#FF9E0F1A;padding:30px 30px 30px 30px;}.elementor-2373 .elementor-element.elementor-element-198d8bf .elementor-toggle-item:not(:last-child){margin-bottom:30px;}.elementor-2373 .elementor-element.elementor-element-198d8bf .elementor-tab-title{background-color:var( --e-global-color-primary );}.elementor-2373 .elementor-element.elementor-element-198d8bf .elementor-toggle-title, .elementor-2373 .elementor-element.elementor-element-198d8bf .elementor-toggle-icon{color:var( --e-global-color-c2b92e2 );}.elementor-2373 .elementor-element.elementor-element-198d8bf .elementor-toggle-icon svg{fill:var( --e-global-color-c2b92e2 );}.elementor-2373 .elementor-element.elementor-element-198d8bf .elementor-tab-title.elementor-active a, .elementor-2373 .elementor-element.elementor-element-198d8bf .elementor-tab-title.elementor-active .elementor-toggle-icon{color:var( --e-global-color-c2b92e2 );}.elementor-2373 .elementor-element.elementor-element-198d8bf .elementor-toggle-title{font-family:var( --e-global-typography-accent-font-family ), Sans-serif;font-size:var( --e-global-typography-accent-font-size );font-weight:var( --e-global-typography-accent-font-weight );line-height:var( --e-global-typography-accent-line-height );}.elementor-2373 .elementor-element.elementor-element-198d8bf .elementor-tab-title .elementor-toggle-icon i:before{color:var( --e-global-color-secondary );}.elementor-2373 .elementor-element.elementor-element-198d8bf .elementor-tab-title .elementor-toggle-icon svg{fill:var( --e-global-color-secondary );}.elementor-2373 .elementor-element.elementor-element-198d8bf .elementor-tab-title.elementor-active .elementor-toggle-icon i:before{color:var( --e-global-color-secondary );}.elementor-2373 .elementor-element.elementor-element-198d8bf .elementor-tab-title.elementor-active .elementor-toggle-icon svg{fill:var( --e-global-color-secondary );}.elementor-2373 .elementor-element.elementor-element-198d8bf .elementor-tab-content{background-color:#FF9E0F1A;padding:30px 30px 30px 30px;}.elementor-2373 .elementor-element.elementor-element-f82e9d3 .elementor-toggle-item:not(:last-child){margin-bottom:30px;}.elementor-2373 .elementor-element.elementor-element-f82e9d3 .elementor-tab-title{background-color:var( --e-global-color-primary );}.elementor-2373 .elementor-element.elementor-element-f82e9d3 .elementor-toggle-title, .elementor-2373 .elementor-element.elementor-element-f82e9d3 .elementor-toggle-icon{color:var( --e-global-color-c2b92e2 );}.elementor-2373 .elementor-element.elementor-element-f82e9d3 .elementor-toggle-icon svg{fill:var( --e-global-color-c2b92e2 );}.elementor-2373 .elementor-element.elementor-element-f82e9d3 .elementor-tab-title.elementor-active a, .elementor-2373 .elementor-element.elementor-element-f82e9d3 .elementor-tab-title.elementor-active .elementor-toggle-icon{color:var( --e-global-color-c2b92e2 );}.elementor-2373 .elementor-element.elementor-element-f82e9d3 .elementor-toggle-title{font-family:var( --e-global-typography-accent-font-family ), Sans-serif;font-size:var( --e-global-typography-accent-font-size );font-weight:var( --e-global-typography-accent-font-weight );line-height:var( --e-global-typography-accent-line-height );}.elementor-2373 .elementor-element.elementor-element-f82e9d3 .elementor-tab-title .elementor-toggle-icon i:before{color:var( --e-global-color-secondary );}.elementor-2373 .elementor-element.elementor-element-f82e9d3 .elementor-tab-title .elementor-toggle-icon svg{fill:var( --e-global-color-secondary );}.elementor-2373 .elementor-element.elementor-element-f82e9d3 .elementor-tab-title.elementor-active .elementor-toggle-icon i:before{color:var( --e-global-color-secondary );}.elementor-2373 .elementor-element.elementor-element-f82e9d3 .elementor-tab-title.elementor-active .elementor-toggle-icon svg{fill:var( --e-global-color-secondary );}.elementor-2373 .elementor-element.elementor-element-f82e9d3 .elementor-tab-content{background-color:#FF9E0F1A;padding:30px 30px 30px 30px;}.elementor-2373 .elementor-element.elementor-element-803779d .elementor-toggle-item:not(:last-child){margin-bottom:30px;}.elementor-2373 .elementor-element.elementor-element-803779d .elementor-tab-title{background-color:var( --e-global-color-primary );}.elementor-2373 .elementor-element.elementor-element-803779d .elementor-toggle-title, .elementor-2373 .elementor-element.elementor-element-803779d .elementor-toggle-icon{color:var( --e-global-color-c2b92e2 );}.elementor-2373 .elementor-element.elementor-element-803779d .elementor-toggle-icon svg{fill:var( --e-global-color-c2b92e2 );}.elementor-2373 .elementor-element.elementor-element-803779d .elementor-tab-title.elementor-active a, .elementor-2373 .elementor-element.elementor-element-803779d .elementor-tab-title.elementor-active .elementor-toggle-icon{color:var( --e-global-color-c2b92e2 );}.elementor-2373 .elementor-element.elementor-element-803779d .elementor-toggle-title{font-family:var( --e-global-typography-accent-font-family ), Sans-serif;font-size:var( --e-global-typography-accent-font-size );font-weight:var( --e-global-typography-accent-font-weight );line-height:var( --e-global-typography-accent-line-height );}.elementor-2373 .elementor-element.elementor-element-803779d .elementor-tab-title .elementor-toggle-icon i:before{color:var( --e-global-color-secondary );}.elementor-2373 .elementor-element.elementor-element-803779d .elementor-tab-title .elementor-toggle-icon svg{fill:var( --e-global-color-secondary );}.elementor-2373 .elementor-element.elementor-element-803779d .elementor-tab-title.elementor-active .elementor-toggle-icon i:before{color:var( --e-global-color-secondary );}.elementor-2373 .elementor-element.elementor-element-803779d .elementor-tab-title.elementor-active .elementor-toggle-icon svg{fill:var( --e-global-color-secondary );}.elementor-2373 .elementor-element.elementor-element-803779d .elementor-tab-content{background-color:#FF9E0F1A;padding:30px 30px 30px 30px;}@media(max-width:1024px){.elementor-2373 .elementor-element.elementor-element-2dccebc{padding:0px 30px 30px 30px;}.elementor-2373 .elementor-element.elementor-element-9e1498d .elementor-toggle-title{font-size:var( --e-global-typography-accent-font-size );line-height:var( --e-global-typography-accent-line-height );}.elementor-2373 .elementor-element.elementor-element-ae1fde2 .elementor-toggle-title{font-size:var( --e-global-typography-accent-font-size );line-height:var( --e-global-typography-accent-line-height );}.elementor-2373 .elementor-element.elementor-element-daa8477 .elementor-toggle-title{font-size:var( --e-global-typography-accent-font-size );line-height:var( --e-global-typography-accent-line-height );}.elementor-2373 .elementor-element.elementor-element-06725e5 .elementor-toggle-title{font-size:var( --e-global-typography-accent-font-size );line-height:var( --e-global-typography-accent-line-height );}.elementor-2373 .elementor-element.elementor-element-6bb1d7e .elementor-toggle-title{font-size:var( --e-global-typography-accent-font-size );line-height:var( --e-global-typography-accent-line-height );}.elementor-2373 .elementor-element.elementor-element-e7f2396 .elementor-toggle-title{font-size:var( --e-global-typography-accent-font-size );line-height:var( --e-global-typography-accent-line-height );}.elementor-2373 .elementor-element.elementor-element-aac6d0f .elementor-toggle-title{font-size:var( --e-global-typography-accent-font-size );line-height:var( --e-global-typography-accent-line-height );}.elementor-2373 .elementor-element.elementor-element-198d8bf .elementor-toggle-title{font-size:var( --e-global-typography-accent-font-size );line-height:var( --e-global-typography-accent-line-height );}.elementor-2373 .elementor-element.elementor-element-f82e9d3 .elementor-toggle-title{font-size:var( --e-global-typography-accent-font-size );line-height:var( --e-global-typography-accent-line-height );}.elementor-2373 .elementor-element.elementor-element-803779d .elementor-toggle-title{font-size:var( --e-global-typography-accent-font-size );line-height:var( --e-global-typography-accent-line-height );}}@media(max-width:767px){.elementor-2373 .elementor-element.elementor-element-2dccebc{padding:0px 0px 0px 0px;}.elementor-2373 .elementor-element.elementor-element-d866ee3 > .elementor-element-populated{padding:0px 0px 0px 0px;}.elementor-2373 .elementor-element.elementor-element-9e1498d .elementor-toggle-title{font-size:var( --e-global-typography-accent-font-size );line-height:var( --e-global-typography-accent-line-height );}.elementor-2373 .elementor-element.elementor-element-ae1fde2 .elementor-toggle-title{font-size:var( --e-global-typography-accent-font-size );line-height:var( --e-global-typography-accent-line-height );}.elementor-2373 .elementor-element.elementor-element-daa8477 .elementor-toggle-title{font-size:var( --e-global-typography-accent-font-size );line-height:var( --e-global-typography-accent-line-height );}.elementor-2373 .elementor-element.elementor-element-06725e5 .elementor-toggle-title{font-size:var( --e-global-typography-accent-font-size );line-height:var( --e-global-typography-accent-line-height );}.elementor-2373 .elementor-element.elementor-element-6bb1d7e .elementor-toggle-title{font-size:var( --e-global-typography-accent-font-size );line-height:var( --e-global-typography-accent-line-height );}.elementor-2373 .elementor-element.elementor-element-e7f2396 .elementor-toggle-title{font-size:var( --e-global-typography-accent-font-size );line-height:var( --e-global-typography-accent-line-height );}.elementor-2373 .elementor-element.elementor-element-aac6d0f .elementor-toggle-title{font-size:var( --e-global-typography-accent-font-size );line-height:var( --e-global-typography-accent-line-height );}.elementor-2373 .elementor-element.elementor-element-198d8bf .elementor-toggle-title{font-size:var( --e-global-typography-accent-font-size );line-height:var( --e-global-typography-accent-line-height );}.elementor-2373 .elementor-element.elementor-element-f82e9d3 .elementor-toggle-title{font-size:var( --e-global-typography-accent-font-size );line-height:var( --e-global-typography-accent-line-height );}.elementor-2373 .elementor-element.elementor-element-803779d .elementor-toggle-title{font-size:var( --e-global-typography-accent-font-size );line-height:var( --e-global-typography-accent-line-height );}}<\/style>\t\t<div data-elementor-type=\"section\" data-elementor-id=\"2373\" class=\"elementor elementor-2373\" data-elementor-post-type=\"elementor_library\">\n\t\t\t\t\t\t\t\t<section class=\"elementor-section elementor-top-section elementor-element elementor-element-2dccebc elementor-section-boxed elementor-section-height-default elementor-section-height-default\" data-id=\"2dccebc\" data-element_type=\"section\">\n\t\t\t\t\t\t<div class=\"elementor-container elementor-column-gap-default\">\n\t\t\t\t\t<div class=\"elementor-column elementor-col-100 elementor-top-column elementor-element elementor-element-d866ee3\" data-id=\"d866ee3\" data-element_type=\"column\">\n\t\t\t<div class=\"elementor-widget-wrap elementor-element-populated\">\n\t\t\t\t\t\t\t\t<div class=\"elementor-element elementor-element-9e1498d \n elementor-widget elementor-widget-toggle\" data-id=\"9e1498d\" data-element_type=\"widget\" data-widget_type=\"toggle.default\">\n\t\t\t\t<div class=\"elementor-widget-container\">\n\t\t\t<style>\/*! elementor - v3.18.0 - 08-12-2023 *\/\n.elementor-toggle{text-align:left}.elementor-toggle .elementor-tab-title{font-weight:700;line-height:1;margin:0;padding:15px;border-bottom:1px solid #d5d8dc;cursor:pointer;outline:none}.elementor-toggle .elementor-tab-title .elementor-toggle-icon{display:inline-block;width:1em}.elementor-toggle .elementor-tab-title .elementor-toggle-icon svg{margin-inline-start:-5px;width:1em;height:1em}.elementor-toggle .elementor-tab-title .elementor-toggle-icon.elementor-toggle-icon-right{float:right;text-align:right}.elementor-toggle .elementor-tab-title .elementor-toggle-icon.elementor-toggle-icon-left{float:left;text-align:left}.elementor-toggle .elementor-tab-title .elementor-toggle-icon .elementor-toggle-icon-closed{display:block}.elementor-toggle .elementor-tab-title .elementor-toggle-icon .elementor-toggle-icon-opened{display:none}.elementor-toggle .elementor-tab-title.elementor-active{border-bottom:none}.elementor-toggle .elementor-tab-title.elementor-active .elementor-toggle-icon-closed{display:none}.elementor-toggle .elementor-tab-title.elementor-active .elementor-toggle-icon-opened{display:block}.elementor-toggle .elementor-tab-content{padding:15px;border-bottom:1px solid #d5d8dc;display:none}@media (max-width:767px){.elementor-toggle .elementor-tab-title{padding:12px}.elementor-toggle .elementor-tab-content{padding:12px 10px}}.e-con-inner>.elementor-widget-toggle,.e-con>.elementor-widget-toggle{width:var(--container-widget-width);--flex-grow:var(--container-widget-flex-grow)}<\/style>\t\t<div class=\"elementor-toggle\">\n\t\t\t\t\t\t\t<div class=\"elementor-toggle-item\">\n\t\t\t\t\t<div id=\"elementor-tab-title-1651\" class=\"elementor-tab-title\" data-tab=\"1\" role=\"button\" aria-controls=\"elementor-tab-content-1651\" aria-expanded=\"false\">\n\t\t\t\t\t\t\t\t\t\t\t\t<span class=\"elementor-toggle-icon elementor-toggle-icon-right\" aria-hidden=\"true\">\n\t\t\t\t\t\t\t\t\t\t\t\t\t\t\t<span class=\"elementor-toggle-icon-closed\"><i class=\"fas fa-chevron-down\"><\/i><\/span>\n\t\t\t\t\t\t\t\t<span class=\"elementor-toggle-icon-opened\"><i class=\"elementor-toggle-icon-opened fas fa-chevron-up\"><\/i><\/span>\n\t\t\t\t\t\t\t\t\t\t\t\t\t<\/span>\n\t\t\t\t\t\t\t\t\t\t\t\t<a class=\"elementor-toggle-title\" tabindex=\"0\"><ul><li>FEDES es una organizaci\u00f3n sin fines de lucro, que nace en 2013 como aliado estrat\u00e9gico de la UTPL, para impulsar el desarrollo sostenible de las comunidades en Ecuador, apoyando diversos proyectos acad\u00e9micos y de investigaci\u00f3n que surgen en la universidad con vocaci\u00f3n de servicio a la sociedad. \u00bfC\u00f3mo cumple FEDES esta misi\u00f3n y cu\u00e1les son sus l\u00edneas de acci\u00f3n?<\/ul><\/li><\/a>\n\t\t\t\t\t<\/div>\n\n\t\t\t\t\t<div id=\"elementor-tab-content-1651\" class=\"elementor-tab-content elementor-clearfix\" data-tab=\"1\" role=\"region\" aria-labelledby=\"elementor-tab-title-1651\">La idea de que haya una fundaci\u00f3n aliada a la UTPL naci\u00f3 de una experiencia que la misma universidad observ\u00f3 en otros pa\u00edses alrededor del mundo. Las universidades emplean las fundaciones como una herramienta de vida.<\/br>\r\n\r\n<br>FEDES inici\u00f3 proponiendo soluciones de gesti\u00f3n y administraci\u00f3n a los proyectos asignados por la universidad en el marco de una alianza estrat\u00e9gica. Es as\u00ed que, empez\u00f3 por gestionar el Centro de Innovaci\u00f3n y Emprendimiento \u00abPrendho\u00bb, el Sistema Integrado Filarm\u00f3nico Infanto Juvenil (SINFIN) y la Estaci\u00f3n Agropecuaria UTPL.<\/br>\r\n\r\n<br>Quiz\u00e1 fue lo inverso a un proceso de planificaci\u00f3n. A partir de ah\u00ed fuimos pensando c\u00f3mo podr\u00eda y deber\u00eda actuar una fundaci\u00f3n universitaria, sin desatenderse de la educaci\u00f3n que es su raz\u00f3n de ser. Ah\u00ed fue cuando propusimos la creaci\u00f3n de otros proyectos como el Centro de Innovaci\u00f3n y Desarrollo para la Industria y Miner\u00eda (CIMA), la Escuela de Operadores Profesionales de Maquinaria Pesada (Escop UTPL), la Escuela de Negocios \u00abEDES\u00bb y la Planta de Cer\u00e1mica \u00abCerArt UTPL\u00bb, pensando siempre en c\u00f3mo podemos impactar positivamente la sociedad y el entorno.<\/br>\r\n\r\n<br>\u00bfC\u00f3mo hacemos para que la econom\u00eda mejore\u2026 para que la calidad de los emprendimientos sea diferente\u2026 para que el emprendedor no se quede solo en Loja, sino que expanda sus horizontes\u2026 para que las comunidades tengan un futuro digno y una vida plena? \u00bfC\u00f3mo hacemos para que estudiantes y docentes se involucren en la transformaci\u00f3n so\u00f1ada? De esta forma, nuestros primeros proyectos provocaron una reflexi\u00f3n interna institucional que, al mismo tiempo, se compagin\u00f3 con la acci\u00f3n de producir y ejecutar nuevos proyectos y buenas pr\u00e1cticas desde la fundaci\u00f3n.<\/br>\r\n\r\n<br>Desde esta reflexi\u00f3n, FEDES moviliza su accionar promoviendo iniciativas, programas y proyectos que trabajan por la construcci\u00f3n de comunidades sostenibles, desde cuatro ejes: crecimiento econ\u00f3mico, innovaci\u00f3n y emprendimiento, vinculaci\u00f3n con las personas e investigaci\u00f3n aplicada.<\/br><\/div>\n\t\t\t\t<\/div>\n\t\t\t\t\t\t\t\t<\/div>\n\t\t\t\t<\/div>\n\t\t\t\t<\/div>\n\t\t\t\t<div class=\"elementor-element elementor-element-ae1fde2 \n elementor-widget elementor-widget-toggle\" data-id=\"ae1fde2\" data-element_type=\"widget\" data-widget_type=\"toggle.default\">\n\t\t\t\t<div class=\"elementor-widget-container\">\n\t\t\t\t\t<div class=\"elementor-toggle\">\n\t\t\t\t\t\t\t<div class=\"elementor-toggle-item\">\n\t\t\t\t\t<div id=\"elementor-tab-title-1821\" class=\"elementor-tab-title\" data-tab=\"1\" role=\"button\" aria-controls=\"elementor-tab-content-1821\" aria-expanded=\"false\">\n\t\t\t\t\t\t\t\t\t\t\t\t<span class=\"elementor-toggle-icon elementor-toggle-icon-right\" aria-hidden=\"true\">\n\t\t\t\t\t\t\t\t\t\t\t\t\t\t\t<span class=\"elementor-toggle-icon-closed\"><i class=\"fas fa-chevron-down\"><\/i><\/span>\n\t\t\t\t\t\t\t\t<span class=\"elementor-toggle-icon-opened\"><i class=\"elementor-toggle-icon-opened fas fa-chevron-up\"><\/i><\/span>\n\t\t\t\t\t\t\t\t\t\t\t\t\t<\/span>\n\t\t\t\t\t\t\t\t\t\t\t\t<a class=\"elementor-toggle-title\" tabindex=\"0\"><ul><li>Este 2023, FEDES cumple una d\u00e9cada de servicio a la sociedad. \u00bfC\u00f3mo ha sido esta historia de crecimiento, evoluci\u00f3n y transformaci\u00f3n?<\/ul><\/li><\/a>\n\t\t\t\t\t<\/div>\n\n\t\t\t\t\t<div id=\"elementor-tab-content-1821\" class=\"elementor-tab-content elementor-clearfix\" data-tab=\"1\" role=\"region\" aria-labelledby=\"elementor-tab-title-1821\">La historia de la fundaci\u00f3n es una historia de creatividad, con la actitud de crecer y ser mejor cada vez, heredada de la filosof\u00eda institucional de la UTPL: <em>ser m\u00e1s<\/em>.<\/br>\r\n\r\n<br>Para nosotros ha sido una historia de crecimiento, aprendiendo c\u00f3mo hacer vinculaci\u00f3n diferente. Hay mucha creatividad en los programas, en la b\u00fasqueda de fondos, en el relacionamiento con autoridades p\u00fablicas y privadas, y, en la identificaci\u00f3n de aliados estrat\u00e9gicos.<\/br>\r\n\r\n<br>Actualmente, FEDES no solo act\u00faa en el sur del Ecuador, sino a nivel internacional. Su crecimiento ha sido exponencial, demostrando tres valores aut\u00e9nticos: creatividad, innovaci\u00f3n y flexibilidad.<\/br><\/div>\n\t\t\t\t<\/div>\n\t\t\t\t\t\t\t\t<\/div>\n\t\t\t\t<\/div>\n\t\t\t\t<\/div>\n\t\t\t\t<div class=\"elementor-element elementor-element-daa8477 \n elementor-widget elementor-widget-toggle\" data-id=\"daa8477\" data-element_type=\"widget\" data-widget_type=\"toggle.default\">\n\t\t\t\t<div class=\"elementor-widget-container\">\n\t\t\t\t\t<div class=\"elementor-toggle\">\n\t\t\t\t\t\t\t<div class=\"elementor-toggle-item\">\n\t\t\t\t\t<div id=\"elementor-tab-title-2291\" class=\"elementor-tab-title\" data-tab=\"1\" role=\"button\" aria-controls=\"elementor-tab-content-2291\" aria-expanded=\"false\">\n\t\t\t\t\t\t\t\t\t\t\t\t<span class=\"elementor-toggle-icon elementor-toggle-icon-right\" aria-hidden=\"true\">\n\t\t\t\t\t\t\t\t\t\t\t\t\t\t\t<span class=\"elementor-toggle-icon-closed\"><i class=\"fas fa-chevron-down\"><\/i><\/span>\n\t\t\t\t\t\t\t\t<span class=\"elementor-toggle-icon-opened\"><i class=\"elementor-toggle-icon-opened fas fa-chevron-up\"><\/i><\/span>\n\t\t\t\t\t\t\t\t\t\t\t\t\t<\/span>\n\t\t\t\t\t\t\t\t\t\t\t\t<a class=\"elementor-toggle-title\" tabindex=\"0\"><ul><li>En estos 10 a\u00f1os de servicio a la sociedad, \u00bfcu\u00e1les son los logros m\u00e1s emblem\u00e1ticos de FEDES que marcan un hito en su historia por generar un impacto transformador en las comunidades de Ecuador?<\/ul><\/li><\/a>\n\t\t\t\t\t<\/div>\n\n\t\t\t\t\t<div id=\"elementor-tab-content-2291\" class=\"elementor-tab-content elementor-clearfix\" data-tab=\"1\" role=\"region\" aria-labelledby=\"elementor-tab-title-2291\">Es preciso mencionar un logro de cada proyecto, porque FEDES es lo que es, gracias a ellos:<\/br>\r\n<\/br>\r\n<li>De <b>SINFIN UTPL<\/b> destaco su Programa Art\u00edstico Musical Inclusivo, un modelo innovador de ense\u00f1anza musical inclusiva que se fundamenta en un entorno virtual denominado AVAM (Ambiente Virtual de Aprendizaje de la M\u00fasica) que act\u00faa como apoyo tecnol\u00f3gico al proceso de ense\u00f1anza-aprendizaje presencial.<\/li>\r\n<\/br>\r\n<li>De <b>CIMA UTPL<\/b> enfatizo su modelo para la generaci\u00f3n de capacidades dentro del sector industrial y minero, que nos ha permitido llegar a todo el pa\u00eds con cursos de formaci\u00f3n.<\/li>\r\n<\/br>\r\n<li>De <b>Escop UTPL<\/b> destaco el propio hecho de que se convirti\u00f3 en una escuela nacional de conducci\u00f3n profesional de maquinaria pesada, avalada por la Agencia Nacional de Tr\u00e1nsito, que opera en todo el Ecuador, a pesar de estar localizada en Zamora Chinchipe, y que se encuentra impulsando s\u00f3lidamente la inclusi\u00f3n de la mujer en esta industria masculinizada a lo largo de la historia.<\/li>\r\n<\/br>\r\n<li><b>Prendho UTPL<\/b> tiene muchos reconocimientos a nivel nacional e internacional. Pero lo que m\u00e1s destaco de \u00e9l es su vocaci\u00f3n de transferencia del modelo de incubaci\u00f3n y aceleramiento que ha desarrollado para cualquier tipo de emprendimiento, a distintas universidades p\u00fablicas y privadas del Ecuador.<\/li>\r\n<\/br>\r\n<li>De <b>EDES UTPL<\/b> destaco el trabajo con distintos aliados para la formaci\u00f3n de mujeres, especialmente de aquellas en situaci\u00f3n de vulnerabilidad, en temas de gesti\u00f3n empresarial, innovaci\u00f3n y emprendimiento para el mejoramiento de su calidad de vida.<\/li>\r\n<\/br>\r\n<li>Finalmente, de <b>CerArt UTPL<\/b> prevalece su capacidad de transformaci\u00f3n para convertirse en un motor de innovaci\u00f3n. CerArt UTPL no es solo una planta de producci\u00f3n de cer\u00e1mica bonita; est\u00e1 por convertirse en un verdadero articulador de formaci\u00f3n y vinculaci\u00f3n con la sociedad desde el arte y la cultura.<\/li><\/div>\n\t\t\t\t<\/div>\n\t\t\t\t\t\t\t\t<\/div>\n\t\t\t\t<\/div>\n\t\t\t\t<\/div>\n\t\t\t\t<div class=\"elementor-element elementor-element-06725e5 \n elementor-widget elementor-widget-toggle\" data-id=\"06725e5\" data-element_type=\"widget\" data-widget_type=\"toggle.default\">\n\t\t\t\t<div class=\"elementor-widget-container\">\n\t\t\t\t\t<div class=\"elementor-toggle\">\n\t\t\t\t\t\t\t<div class=\"elementor-toggle-item\">\n\t\t\t\t\t<div id=\"elementor-tab-title-6751\" class=\"elementor-tab-title\" data-tab=\"1\" role=\"button\" aria-controls=\"elementor-tab-content-6751\" aria-expanded=\"false\">\n\t\t\t\t\t\t\t\t\t\t\t\t<span class=\"elementor-toggle-icon elementor-toggle-icon-right\" aria-hidden=\"true\">\n\t\t\t\t\t\t\t\t\t\t\t\t\t\t\t<span class=\"elementor-toggle-icon-closed\"><i class=\"fas fa-chevron-down\"><\/i><\/span>\n\t\t\t\t\t\t\t\t<span class=\"elementor-toggle-icon-opened\"><i class=\"elementor-toggle-icon-opened fas fa-chevron-up\"><\/i><\/span>\n\t\t\t\t\t\t\t\t\t\t\t\t\t<\/span>\n\t\t\t\t\t\t\t\t\t\t\t\t<a class=\"elementor-toggle-title\" tabindex=\"0\"><ul><li>Cuando pensamos en FEDES inmediatamente asociamos su acci\u00f3n al \u2018desarrollo sostenible de comunidades\u2019. Pero, \u00bfc\u00f3mo entiende FEDES al desarrollo sostenible y c\u00f3mo articula su acci\u00f3n con las premisas de los 17 Objetivos de Desarrollo Sostenible (ODS) que promueve la ONU para 2030?<\/ul><\/li><\/a>\n\t\t\t\t\t<\/div>\n\n\t\t\t\t\t<div id=\"elementor-tab-content-6751\" class=\"elementor-tab-content elementor-clearfix\" data-tab=\"1\" role=\"region\" aria-labelledby=\"elementor-tab-title-6751\">El desarrollo sostenible no es posible sin lograr una conexi\u00f3n con los diversos sectores productivos. Si la fundaci\u00f3n no llega a articular relaciones con la empresa, los gobiernos locales y nacionales, los fondos de cooperaci\u00f3n, las ONG y los mismos beneficiarios, es muy dif\u00edcil hablar de un desarrollo sostenible.<\/br>\r\n\r\n<br>Entonces, entendemos al desarrollo sostenible como la capacidad de construir comunidades sostenibles y reducir desigualdades a trav\u00e9s de la articulaci\u00f3n de esfuerzos y capacidades por parte de m\u00faltiples actores.<\/br>\r\n\r\n<br>Se trata de entender el entorno y de relacionarse con la sociedad inscrita en el territorio, para entonces, convertirse en una especie de radar y traductor efectivo, en donde se diga: \u00ab\u00a1aqu\u00ed hay un problema!\u00bb y, posterior a ello, se unan capacidades y se generen soluciones pertinentes y oportunas aprovechando el poder transformador de la educaci\u00f3n.<\/br><\/div>\n\t\t\t\t<\/div>\n\t\t\t\t\t\t\t\t<\/div>\n\t\t\t\t<\/div>\n\t\t\t\t<\/div>\n\t\t\t\t<div class=\"elementor-element elementor-element-6bb1d7e \n elementor-widget elementor-widget-toggle\" data-id=\"6bb1d7e\" data-element_type=\"widget\" data-widget_type=\"toggle.default\">\n\t\t\t\t<div class=\"elementor-widget-container\">\n\t\t\t\t\t<div class=\"elementor-toggle\">\n\t\t\t\t\t\t\t<div class=\"elementor-toggle-item\">\n\t\t\t\t\t<div id=\"elementor-tab-title-1121\" class=\"elementor-tab-title\" data-tab=\"1\" role=\"button\" aria-controls=\"elementor-tab-content-1121\" aria-expanded=\"false\">\n\t\t\t\t\t\t\t\t\t\t\t\t<span class=\"elementor-toggle-icon elementor-toggle-icon-right\" aria-hidden=\"true\">\n\t\t\t\t\t\t\t\t\t\t\t\t\t\t\t<span class=\"elementor-toggle-icon-closed\"><i class=\"fas fa-chevron-down\"><\/i><\/span>\n\t\t\t\t\t\t\t\t<span class=\"elementor-toggle-icon-opened\"><i class=\"elementor-toggle-icon-opened fas fa-chevron-up\"><\/i><\/span>\n\t\t\t\t\t\t\t\t\t\t\t\t\t<\/span>\n\t\t\t\t\t\t\t\t\t\t\t\t<a class=\"elementor-toggle-title\" tabindex=\"0\"><ul><li>El ODS N.\u00b0 10, de acuerdo a la ONU, busca \u00abreducir la desigualdad en y entre los pa\u00edses y garantizar que nadie se quede atr\u00e1s\u00bb. \u00bfC\u00f3mo asume FEDES este objetivo mundial y c\u00f3mo aporta a su consecuci\u00f3n?<\/ul><\/li><\/a>\n\t\t\t\t\t<\/div>\n\n\t\t\t\t\t<div id=\"elementor-tab-content-1121\" class=\"elementor-tab-content elementor-clearfix\" data-tab=\"1\" role=\"region\" aria-labelledby=\"elementor-tab-title-1121\">Yo creo que directamente lo asocio con el poder de generar capacidades locales. \u00bfQu\u00e9 queremos decir con esto? Se trata de dise\u00f1ar una educaci\u00f3n que sea capaz de transferir el conocimiento y desarrollar habilidades, t\u00e9cnicas y competencias en las personas para su propia ejecuci\u00f3n de acciones que contribuyan a su crecimiento econ\u00f3mico sostenible.<\/br>\r\n\r\n<br>Hemos escuchado testimonios de personas que han pasado por los diversos proyectos de FEDES y nos cuentan que hay un antes y un despu\u00e9s en ellos, porque nos dicen que nosotros hemos abierto sus ojos a todo lo que pueden hacer y que les hemos brindado las herramientas necesarias para hacer de forma correcta algo diferente a lo que ven\u00edan haciendo.<\/br>\r\n\r\n<br>As\u00ed asumimos este objetivo de la ONU: para reducir las desigualdades hay que generar posibilidades y oportunidades. Hay que promover un cambio y ese cambio tiene que dejar una huella positiva.<\/br><\/div>\n\t\t\t\t<\/div>\n\t\t\t\t\t\t\t\t<\/div>\n\t\t\t\t<\/div>\n\t\t\t\t<\/div>\n\t\t\t\t<div class=\"elementor-element elementor-element-e7f2396 \n elementor-widget elementor-widget-toggle\" data-id=\"e7f2396\" data-element_type=\"widget\" data-widget_type=\"toggle.default\">\n\t\t\t\t<div class=\"elementor-widget-container\">\n\t\t\t\t\t<div class=\"elementor-toggle\">\n\t\t\t\t\t\t\t<div class=\"elementor-toggle-item\">\n\t\t\t\t\t<div id=\"elementor-tab-title-2431\" class=\"elementor-tab-title\" data-tab=\"1\" role=\"button\" aria-controls=\"elementor-tab-content-2431\" aria-expanded=\"false\">\n\t\t\t\t\t\t\t\t\t\t\t\t<span class=\"elementor-toggle-icon elementor-toggle-icon-right\" aria-hidden=\"true\">\n\t\t\t\t\t\t\t\t\t\t\t\t\t\t\t<span class=\"elementor-toggle-icon-closed\"><i class=\"fas fa-chevron-down\"><\/i><\/span>\n\t\t\t\t\t\t\t\t<span class=\"elementor-toggle-icon-opened\"><i class=\"elementor-toggle-icon-opened fas fa-chevron-up\"><\/i><\/span>\n\t\t\t\t\t\t\t\t\t\t\t\t\t<\/span>\n\t\t\t\t\t\t\t\t\t\t\t\t<a class=\"elementor-toggle-title\" tabindex=\"0\"><ul><li>La desigualdad en el mundo no solo se mide en t\u00e9rminos econ\u00f3micos, sino tambi\u00e9n dentro del \u00e1mbito social y en relaci\u00f3n al nivel de oportunidades. \u00bfQu\u00e9 acciones impulsa FEDES que contribuyan a la reducci\u00f3n de la desigualdad social en el pa\u00eds y c\u00f3mo promueve una igualdad de oportunidades?<\/ul><\/li><\/a>\n\t\t\t\t\t<\/div>\n\n\t\t\t\t\t<div id=\"elementor-tab-content-2431\" class=\"elementor-tab-content elementor-clearfix\" data-tab=\"1\" role=\"region\" aria-labelledby=\"elementor-tab-title-2431\">Una l\u00ednea de acci\u00f3n en la que estamos trabajando actualmente es el empoderamiento de la mujer. Varios de nuestros proyectos se est\u00e1n ejecutando en alianza estrat\u00e9gica con empresas privadas que buscan ayudar a mujeres a tener una mejor calidad de vida y un crecimiento econ\u00f3mico sostenible. Pero no como un tema de moda, sino como una acci\u00f3n responsable alineada a nuestro prop\u00f3sito que permita a las mujeres tener un desarrollo pleno a nivel personal, profesional y familiar, como mujer, madre, empresaria o emprendedora.<\/br>\r\n\r\n<br>A la vez, tambi\u00e9n nos encontramos impulsando a los migrantes y a personas que viven en circunstancias de violencia de todo tipo. Nuestros proyectos apoyan con formaci\u00f3n y capacitaci\u00f3n a todas las personas que pertenecen a grupos vulnerables y minoritarios de la sociedad, con una formaci\u00f3n t\u00e9cnica y humana. Ah\u00ed creemos que generamos un cambio integral y sostenible. Generamos empoderamiento, no como clich\u00e9, sino como realidad.<\/br><\/div>\n\t\t\t\t<\/div>\n\t\t\t\t\t\t\t\t<\/div>\n\t\t\t\t<\/div>\n\t\t\t\t<\/div>\n\t\t\t\t<div class=\"elementor-element elementor-element-aac6d0f \n elementor-widget elementor-widget-toggle\" data-id=\"aac6d0f\" data-element_type=\"widget\" data-widget_type=\"toggle.default\">\n\t\t\t\t<div class=\"elementor-widget-container\">\n\t\t\t\t\t<div class=\"elementor-toggle\">\n\t\t\t\t\t\t\t<div class=\"elementor-toggle-item\">\n\t\t\t\t\t<div id=\"elementor-tab-title-1791\" class=\"elementor-tab-title\" data-tab=\"1\" role=\"button\" aria-controls=\"elementor-tab-content-1791\" aria-expanded=\"false\">\n\t\t\t\t\t\t\t\t\t\t\t\t<span class=\"elementor-toggle-icon elementor-toggle-icon-right\" aria-hidden=\"true\">\n\t\t\t\t\t\t\t\t\t\t\t\t\t\t\t<span class=\"elementor-toggle-icon-closed\"><i class=\"fas fa-chevron-down\"><\/i><\/span>\n\t\t\t\t\t\t\t\t<span class=\"elementor-toggle-icon-opened\"><i class=\"elementor-toggle-icon-opened fas fa-chevron-up\"><\/i><\/span>\n\t\t\t\t\t\t\t\t\t\t\t\t\t<\/span>\n\t\t\t\t\t\t\t\t\t\t\t\t<a class=\"elementor-toggle-title\" tabindex=\"0\"><ul><li>Una de las desigualdades que se ha visto agudizada luego de la pandemia por COVID-19 es el acceso tecnol\u00f3gico. Durante la pandemia, todos reconocimos un nivel de \u2018igualdad\u2019 como nunca antes, pero si algo marc\u00f3 la diferencia fue la brecha tecnol\u00f3gica que exist\u00eda en grupos vulnerables de la sociedad, m\u00e1s a\u00fan en pa\u00edses en v\u00edas de desarrollo como Ecuador. No tener acceso a internet se constituy\u00f3 en uno de los mayores problemas para mantener un contacto con la humanidad, recibir atenci\u00f3n m\u00e9dica, trabajar, estudiar\u2026 Reconociendo este reto y con la llegada inminente de la inteligencia artificial (IA), \u00bfc\u00f3mo FEDES contribuye a la mitigaci\u00f3n de esta desigualdad tecnol\u00f3gica en las comunidades de Ecuador?<\/ul><\/li><\/a>\n\t\t\t\t\t<\/div>\n\n\t\t\t\t\t<div id=\"elementor-tab-content-1791\" class=\"elementor-tab-content elementor-clearfix\" data-tab=\"1\" role=\"region\" aria-labelledby=\"elementor-tab-title-1791\">Ha habido iniciativas por parte de la UTPL, a trav\u00e9s del conocimiento de estudiantes y docentes de las carreras de Telecomunicaciones, Computaci\u00f3n o Tecnolog\u00edas de la Informaci\u00f3n, por ejemplo; pero creo que como fundaci\u00f3n tenemos una tarea pendiente.<\/br>\r\n\r\n<br>Durante la pandemia, lideramos un programa para acercarnos con educaci\u00f3n a varias escuelas rurales de la provincia de Loja que no ten\u00edan acceso a internet, pero nos acercamos con docentes, no con despliegue tecnol\u00f3gico.<\/br>\r\n\r\n<br>Nuestro reto como fundaci\u00f3n \u2015y m\u00e1s ahora, avizorando una era hipertecnol\u00f3gica\u2015 es expandir el alcance de las iniciativas de la universidad, generar alianzas con otros actores estrat\u00e9gicos e impulsar este tipo de proyectos que contribuyan a reducir la brecha tecnol\u00f3gica en el pa\u00eds.<\/br><\/div>\n\t\t\t\t<\/div>\n\t\t\t\t\t\t\t\t<\/div>\n\t\t\t\t<\/div>\n\t\t\t\t<\/div>\n\t\t\t\t<div class=\"elementor-element elementor-element-198d8bf \n elementor-widget elementor-widget-toggle\" data-id=\"198d8bf\" data-element_type=\"widget\" data-widget_type=\"toggle.default\">\n\t\t\t\t<div class=\"elementor-widget-container\">\n\t\t\t\t\t<div class=\"elementor-toggle\">\n\t\t\t\t\t\t\t<div class=\"elementor-toggle-item\">\n\t\t\t\t\t<div id=\"elementor-tab-title-2671\" class=\"elementor-tab-title\" data-tab=\"1\" role=\"button\" aria-controls=\"elementor-tab-content-2671\" aria-expanded=\"false\">\n\t\t\t\t\t\t\t\t\t\t\t\t<span class=\"elementor-toggle-icon elementor-toggle-icon-right\" aria-hidden=\"true\">\n\t\t\t\t\t\t\t\t\t\t\t\t\t\t\t<span class=\"elementor-toggle-icon-closed\"><i class=\"fas fa-chevron-down\"><\/i><\/span>\n\t\t\t\t\t\t\t\t<span class=\"elementor-toggle-icon-opened\"><i class=\"elementor-toggle-icon-opened fas fa-chevron-up\"><\/i><\/span>\n\t\t\t\t\t\t\t\t\t\t\t\t\t<\/span>\n\t\t\t\t\t\t\t\t\t\t\t\t<a class=\"elementor-toggle-title\" tabindex=\"0\"><ul><li>El fen\u00f3meno migratorio es uno de los retos actuales en el mundo. De acuerdo a estudios de la CEPAL, la migraci\u00f3n es capaz de contribuir al crecimiento econ\u00f3mico de los pa\u00edses. Se estima que, en 2015, la contribuci\u00f3n de los migrantes al Producto Interno Bruto (PIB) mundial fue de aproximadamente 6,7 billones de d\u00f3lares. \u00bfQu\u00e9 proyectos impulsa FEDES para promover una movilidad humana ordenada, segura y con mayores beneficios que problemas?<\/ul><\/li><\/a>\n\t\t\t\t\t<\/div>\n\n\t\t\t\t\t<div id=\"elementor-tab-content-2671\" class=\"elementor-tab-content elementor-clearfix\" data-tab=\"1\" role=\"region\" aria-labelledby=\"elementor-tab-title-2671\">En torno al fen\u00f3meno migratorio nos hemos centrado nuevamente en el tema educativo; es decir, hemos generado una alianza con la Organizaci\u00f3n Internacional para las Migraciones (OIM) para desarrollar contenidos educativos adaptados a las necesidades de la poblaci\u00f3n venezolana migrante en Ecuador, que se caracteriza por ser diversa.<\/br>\r\n\t\r\n<br>Asimismo, con la gesti\u00f3n de Prendho UTPL y el apoyo econ\u00f3mico del Fondo \u00cdtalo Ecuatoriano para el Desarrollo Sostenible (FIEDS), hemos impulsado un proyecto de incubaci\u00f3n de ideas de negocio y entrega de capital semilla no reembolsable para la reactivaci\u00f3n econ\u00f3mica de este grupo vulnerable de la sociedad a trav\u00e9s del emprendimiento y la innovaci\u00f3n, ejecutados desde el conocimiento formal, no desde la improvisaci\u00f3n.<\/br><\/div>\n\t\t\t\t<\/div>\n\t\t\t\t\t\t\t\t<\/div>\n\t\t\t\t<\/div>\n\t\t\t\t<\/div>\n\t\t\t\t<div class=\"elementor-element elementor-element-f82e9d3 \n elementor-widget elementor-widget-toggle\" data-id=\"f82e9d3\" data-element_type=\"widget\" data-widget_type=\"toggle.default\">\n\t\t\t\t<div class=\"elementor-widget-container\">\n\t\t\t\t\t<div class=\"elementor-toggle\">\n\t\t\t\t\t\t\t<div class=\"elementor-toggle-item\">\n\t\t\t\t\t<div id=\"elementor-tab-title-2601\" class=\"elementor-tab-title\" data-tab=\"1\" role=\"button\" aria-controls=\"elementor-tab-content-2601\" aria-expanded=\"false\">\n\t\t\t\t\t\t\t\t\t\t\t\t<span class=\"elementor-toggle-icon elementor-toggle-icon-right\" aria-hidden=\"true\">\n\t\t\t\t\t\t\t\t\t\t\t\t\t\t\t<span class=\"elementor-toggle-icon-closed\"><i class=\"fas fa-chevron-down\"><\/i><\/span>\n\t\t\t\t\t\t\t\t<span class=\"elementor-toggle-icon-opened\"><i class=\"elementor-toggle-icon-opened fas fa-chevron-up\"><\/i><\/span>\n\t\t\t\t\t\t\t\t\t\t\t\t\t<\/span>\n\t\t\t\t\t\t\t\t\t\t\t\t<a class=\"elementor-toggle-title\" tabindex=\"0\"><ul><li>Para concluir este recorrido por la historia de FEDES, advirtiendo su aporte efectivo a la construcci\u00f3n de comunidades sostenibles en nuestro pa\u00eds, \u00bfcu\u00e1l considera es el legado que va marcando la fundaci\u00f3n con su acci\u00f3n diaria hasta la fecha?<\/ul><\/li><\/a>\n\t\t\t\t\t<\/div>\n\n\t\t\t\t\t<div id=\"elementor-tab-content-2601\" class=\"elementor-tab-content elementor-clearfix\" data-tab=\"1\" role=\"region\" aria-labelledby=\"elementor-tab-title-2601\">El trabajo de FEDES marca un legado dentro de dos l\u00edneas:<\/br>\r\n<\/br>\r\n<li>Por una parte, su gesti\u00f3n sirve para que otras universidades desarrollan iniciativas similares; es decir, que cuenten con <b>fundaciones como herramientas de vinculaci\u00f3n con la sociedad<\/b>.<\/li>\r\n<\/br>\r\n<li>Por otra parte, creo que nuestro modelo de gesti\u00f3n es un modelo interesante para replicar en cualquier otro tipo de ONG, por eso, este a\u00f1o tenemos previsto lanzar nuestro <b>primer programa de gerenciamiento de ONG<\/b>, para compartir nuestra experiencia y ayudar a peque\u00f1as asociaciones y grandes fundaciones a tener la capacidad para gestionar el dinero de donantes y disponerlo al servicio de las necesidades y problem\u00e1ticas del entorno y la sociedad.<\/li><\/div>\n\t\t\t\t<\/div>\n\t\t\t\t\t\t\t\t<\/div>\n\t\t\t\t<\/div>\n\t\t\t\t<\/div>\n\t\t\t\t<div class=\"elementor-element elementor-element-803779d \n elementor-widget elementor-widget-toggle\" data-id=\"803779d\" data-element_type=\"widget\" data-widget_type=\"toggle.default\">\n\t\t\t\t<div class=\"elementor-widget-container\">\n\t\t\t\t\t<div class=\"elementor-toggle\">\n\t\t\t\t\t\t\t<div class=\"elementor-toggle-item\">\n\t\t\t\t\t<div id=\"elementor-tab-title-1341\" class=\"elementor-tab-title\" data-tab=\"1\" role=\"button\" aria-controls=\"elementor-tab-content-1341\" aria-expanded=\"false\">\n\t\t\t\t\t\t\t\t\t\t\t\t<span class=\"elementor-toggle-icon elementor-toggle-icon-right\" aria-hidden=\"true\">\n\t\t\t\t\t\t\t\t\t\t\t\t\t\t\t<span class=\"elementor-toggle-icon-closed\"><i class=\"fas fa-chevron-down\"><\/i><\/span>\n\t\t\t\t\t\t\t\t<span class=\"elementor-toggle-icon-opened\"><i class=\"elementor-toggle-icon-opened fas fa-chevron-up\"><\/i><\/span>\n\t\t\t\t\t\t\t\t\t\t\t\t\t<\/span>\n\t\t\t\t\t\t\t\t\t\t\t\t<a class=\"elementor-toggle-title\" tabindex=\"0\"><ul><li>\u00bfCu\u00e1les son los atributos que diferencian a FEDES y que tornan exitoso su modelo de gesti\u00f3n para transferirlo a otras ONG?<\/ul><\/li><\/a>\n\t\t\t\t\t<\/div>\n\n\t\t\t\t\t<div id=\"elementor-tab-content-1341\" class=\"elementor-tab-content elementor-clearfix\" data-tab=\"1\" role=\"region\" aria-labelledby=\"elementor-tab-title-1341\">El modelo de gesti\u00f3n de FEDES se caracteriza por un reconocimiento muy espec\u00edfico de las necesidades, problemas y retos del entorno. Nuestro equipo est\u00e1 muy metido en el territorio\u2026 es muy consciente y comprende los problemas, entonces ah\u00ed hay una posibilidad de identificar posibles soluciones.<\/br>\r\n\r\n<br>Y quiz\u00e1 otro componente caracter\u00edstico de FEDES es su capacidad para generar alianzas y obtener recursos humanos y econ\u00f3micos. Una fundaci\u00f3n universitaria no puede jam\u00e1s esperar que sea la universidad la que va a pagar sus cuentas. Efectivamente, la universidad es la que invierte en proyectos de vinculaci\u00f3n, pero es la fundaci\u00f3n la que tiene que desarrollar la capacidad para generar alianzas y obtener recursos que le permitan expandir el alcance de los proyectos universitarios.<\/br><\/div>\n\t\t\t\t<\/div>\n\t\t\t\t\t\t\t\t<\/div>\n\t\t\t\t<\/div>\n\t\t\t\t<\/div>\n\t\t\t\t\t<\/div>\n\t\t<\/div>\n\t\t\t\t\t\t\t<\/div>\n\t\t<\/section>\n\t\t\t\t\t\t<\/div>\n\t\t\n\n\n<div style=\"height:20px\" aria-hidden=\"true\" class=\"wp-block-spacer\"><\/div>\n\n\n\n<div class=\"wp-block-columns is-layout-flex wp-container-core-columns-layout-1 wp-block-columns-is-layout-flex\">\n<div class=\"wp-block-column is-vertically-aligned-center is-layout-flow wp-block-column-is-layout-flow\">\n<figure class=\"wp-block-pullquote has-text-align-center has-background has-medium-font-size\" style=\"background-color:#fdeab5\"><blockquote><p>El enfoque de FEDES es <strong>humanista, con equidad de g\u00e9nero y respeto al medio ambiente<\/strong>; es decir, act\u00faa bajo un enfoque de sostenibilidad.<\/p><cite>Roberto Beltr\u00e1n Zambrano<br><strong>Director Ejecutivo de FEDES &#8211; UTPL<\/strong><\/cite><\/blockquote><\/figure>\n<\/div>\n\n\n\n<div class=\"wp-block-column is-vertically-aligned-center is-layout-flow wp-block-column-is-layout-flow\"><div class=\"wp-block-image\">\n<figure class=\"aligncenter size-full\"><img fetchpriority=\"high\" decoding=\"async\" width=\"800\" height=\"800\" src=\"https:\/\/vinculacion.utpl.edu.ec\/impactomas\/wp-content\/uploads\/2023\/06\/cerar-utpl-cruz.png\" alt=\"\" class=\"wp-image-2728\" srcset=\"https:\/\/vinculacion.utpl.edu.ec\/revistaimpactomas\/wp-content\/uploads\/2023\/06\/cerar-utpl-cruz.png 800w, https:\/\/vinculacion.utpl.edu.ec\/revistaimpactomas\/wp-content\/uploads\/2023\/06\/cerar-utpl-cruz-300x300.png 300w, https:\/\/vinculacion.utpl.edu.ec\/revistaimpactomas\/wp-content\/uploads\/2023\/06\/cerar-utpl-cruz-150x150.png 150w, https:\/\/vinculacion.utpl.edu.ec\/revistaimpactomas\/wp-content\/uploads\/2023\/06\/cerar-utpl-cruz-768x768.png 768w\" sizes=\"(max-width: 800px) 100vw, 800px\" \/><\/figure><\/div><\/div>\n<\/div>\n","protected":false},"excerpt":{"rendered":"<p>En un di\u00e1logo cercano con Roberto Beltr\u00e1n Zambrano, director ejecutivo de FEDES, se descubre la misi\u00f3n de las fundaciones universitarias como herramientas de vinculaci\u00f3n con la sociedad y se reconoce el camino de una fundaci\u00f3n aliada a la UTPL con la que distintos proyectos, creados a nivel acad\u00e9mico y de investigaci\u00f3n, se escalan, fortalecen y gestionan para un mayor impacto en el pa\u00eds y la regi\u00f3n, desde una visi\u00f3n humana, innovadora y sostenible.<\/p>\n","protected":false},"author":2,"featured_media":2886,"comment_status":"closed","ping_status":"closed","sticky":false,"template":"","format":"standard","meta":{"footnotes":""},"categories":[43],"tags":[107,108,72,68,69,67,66],"edicion":[10],"linea-de-accion":[],"acf":[],"_links":{"self":[{"href":"https:\/\/vinculacion.utpl.edu.ec\/revistaimpactomas\/wp-json\/wp\/v2\/posts\/2668"}],"collection":[{"href":"https:\/\/vinculacion.utpl.edu.ec\/revistaimpactomas\/wp-json\/wp\/v2\/posts"}],"about":[{"href":"https:\/\/vinculacion.utpl.edu.ec\/revistaimpactomas\/wp-json\/wp\/v2\/types\/post"}],"author":[{"embeddable":true,"href":"https:\/\/vinculacion.utpl.edu.ec\/revistaimpactomas\/wp-json\/wp\/v2\/users\/2"}],"replies":[{"embeddable":true,"href":"https:\/\/vinculacion.utpl.edu.ec\/revistaimpactomas\/wp-json\/wp\/v2\/comments?post=2668"}],"version-history":[{"count":33,"href":"https:\/\/vinculacion.utpl.edu.ec\/revistaimpactomas\/wp-json\/wp\/v2\/posts\/2668\/revisions"}],"predecessor-version":[{"id":2731,"href":"https:\/\/vinculacion.utpl.edu.ec\/revistaimpactomas\/wp-json\/wp\/v2\/posts\/2668\/revisions\/2731"}],"wp:featuredmedia":[{"embeddable":true,"href":"https:\/\/vinculacion.utpl.edu.ec\/revistaimpactomas\/wp-json\/wp\/v2\/media\/2886"}],"wp:attachment":[{"href":"https:\/\/vinculacion.utpl.edu.ec\/revistaimpactomas\/wp-json\/wp\/v2\/media?parent=2668"}],"wp:term":[{"taxonomy":"category","embeddable":true,"href":"https:\/\/vinculacion.utpl.edu.ec\/revistaimpactomas\/wp-json\/wp\/v2\/categories?post=2668"},{"taxonomy":"post_tag","embeddable":true,"href":"https:\/\/vinculacion.utpl.edu.ec\/revistaimpactomas\/wp-json\/wp\/v2\/tags?post=2668"},{"taxonomy":"edicion","embeddable":true,"href":"https:\/\/vinculacion.utpl.edu.ec\/revistaimpactomas\/wp-json\/wp\/v2\/edicion?post=2668"},{"taxonomy":"linea-de-accion","embeddable":true,"href":"https:\/\/vinculacion.utpl.edu.ec\/revistaimpactomas\/wp-json\/wp\/v2\/linea-de-accion?post=2668"}],"curies":[{"name":"wp","href":"https:\/\/api.w.org\/{rel}","templated":true}]}}