{"id":1984,"date":"2022-12-01T16:30:00","date_gmt":"2022-12-01T21:30:00","guid":{"rendered":"https:\/\/vinculacion.utpl.edu.ec\/impactomas\/?p=1984"},"modified":"2024-11-13T13:20:42","modified_gmt":"2024-11-13T18:20:42","slug":"el-desarrollo-sostenible-de-la-amazonia-ecuatoriana-se-escribe-desde-los-bionegocios","status":"publish","type":"post","link":"https:\/\/vinculacion.utpl.edu.ec\/revistaimpactomas\/acciones-con-impacto\/el-desarrollo-sostenible-de-la-amazonia-ecuatoriana-se-escribe-desde-los-bionegocios\/","title":{"rendered":"El desarrollo sostenible de la Amazon\u00eda ecuatoriana se escribe desde los bionegocios"},"content":{"rendered":"\n<div style=\"height:40px\" aria-hidden=\"true\" class=\"wp-block-spacer\"><\/div>\n\n\n\n<p>De acuerdo a la Organizaci\u00f3n de las Naciones Unidas para la Alimentaci\u00f3n y la Agricultura (FAO), en su reporte sobre <strong><a href=\"https:\/\/www.biopasos.com\/biblioteca\/Manejo%20sostenible%20de%20la%20tierra%20FAO.pdf\" target=\"_blank\" rel=\"noreferrer noopener\">\u00abManejo sostenible de la tierra\u00bb<\/a><\/strong> (s.f.), \u00abuna de cada tres personas en el mundo se ve afectada de alg\u00fan modo por la degradaci\u00f3n de las tierras\u00bb.<\/p>\n\n\n\n<p>En Ecuador, a lo largo de la historia y debi\u00e9ndose en gran parte a la extensa y exuberante diversidad biol\u00f3gica que se aloja en su territorio, la principal actividad econ\u00f3mica de su regi\u00f3n amaz\u00f3nica ha sido la extracci\u00f3n y comercializaci\u00f3n de petr\u00f3leo, hidrocarburos, minerales y madera, siendo esta actividad no solo la causante de m\u00faltiples da\u00f1os ambientales y conflictos sociales, sino tambi\u00e9n la raz\u00f3n por la que la econom\u00eda de sus comunidades ind\u00edgenas y colonos se ha paralizado, ya que los r\u00e9ditos de esta actividad econ\u00f3mica generalmente son asumidos por actores externos y no por los nativos de la Regi\u00f3n Amaz\u00f3nica Ecuatoriana (RAE).<\/p>\n\n\n\n<p>La producci\u00f3n agropecuaria tambi\u00e9n ha sido una actividad econ\u00f3mica por excelencia en esta regi\u00f3n; no obstante, al no abordarse desde una perspectiva de sostenibilidad, su impacto se ha visto reflejado directamente en la deforestaci\u00f3n de los bosques y en una explotaci\u00f3n indiscriminada de sus recursos naturales.<\/p>\n\n\n\n<p>La degradaci\u00f3n de los ecosistemas es un problema que se debe evitar de forma urgente en la Amazon\u00eda ecuatoriana, siendo conscientes del momento actual en el que se encuentra el mundo, azotado por el cambio clim\u00e1tico y sus efectos, y reconociendo el rol trascendental que cumplen los bosques en la meta com\u00fan de limitar el aumento de la temperatura media del planeta hasta m\u00e1ximo 1.5 \u00b0C como lo insta la ONU. La relaci\u00f3n de los bosques con el cambio clim\u00e1tico es directamente proporcional. Los bosques son considerados los pulmones de la Tierra, en la medida en que cumplen la funci\u00f3n elemental de absorber grandes cantidades de di\u00f3xido de carbono y sustituirlo por ox\u00edgeno en el aire. Pero, m\u00e1s all\u00e1 de eso, los bosques cuentan con otros atributos como ser el h\u00e1bitat de distintas especies animales, regular las aguas superficiales, contribuir en la estabilidad clim\u00e1tica y alojar de forma org\u00e1nica distintos productos forestales no maderables (PFNM).<\/p>\n\n\n<style>.elementor-1115 .elementor-element.elementor-element-bce6d9e > .elementor-container{max-width:800px;}.elementor-1115 .elementor-element.elementor-element-ab36a4d > .elementor-widget-wrap > .elementor-widget:not(.elementor-widget__width-auto):not(.elementor-widget__width-initial):not(:last-child):not(.elementor-absolute){margin-bottom:10px;}.elementor-1115 .elementor-element.elementor-element-d3b8d92{text-align:center;}.elementor-1115 .elementor-element.elementor-element-d3b8d92 .elementor-heading-title{color:var( --e-global-color-secondary );font-family:\"Helvetica Neue\", Sans-serif;font-size:32px;font-weight:900;}.elementor-1115 .elementor-element.elementor-element-2c3b286 .elementor-icon-wrapper{text-align:center;}.elementor-1115 .elementor-element.elementor-element-2c3b286.elementor-view-stacked .elementor-icon{background-color:var( --e-global-color-secondary );}.elementor-1115 .elementor-element.elementor-element-2c3b286.elementor-view-framed .elementor-icon, .elementor-1115 .elementor-element.elementor-element-2c3b286.elementor-view-default .elementor-icon{color:var( --e-global-color-secondary );border-color:var( --e-global-color-secondary );}.elementor-1115 .elementor-element.elementor-element-2c3b286.elementor-view-framed .elementor-icon, .elementor-1115 .elementor-element.elementor-element-2c3b286.elementor-view-default .elementor-icon svg{fill:var( --e-global-color-secondary );}.elementor-1115 .elementor-element.elementor-element-2c3b286 .elementor-icon{font-size:20px;}.elementor-1115 .elementor-element.elementor-element-2c3b286 .elementor-icon svg{height:20px;}.elementor-1115 .elementor-element.elementor-element-2c3b286 > .elementor-widget-container{--e-transform-rotateZ:90deg;}.elementor-1115 .elementor-element.elementor-element-2c3b89d{--divider-border-style:solid;--divider-color:var( --e-global-color-primary );--divider-border-width:1px;}.elementor-1115 .elementor-element.elementor-element-2c3b89d .elementor-divider-separator{width:20%;margin:0 auto;margin-center:0;}.elementor-1115 .elementor-element.elementor-element-2c3b89d .elementor-divider{text-align:center;padding-top:0px;padding-bottom:0px;}.elementor-1115 .elementor-element.elementor-element-e34d6f6{text-align:center;font-family:\"Roboto\", Sans-serif;font-size:15px;font-weight:400;}@media(max-width:767px){.elementor-1115 .elementor-element.elementor-element-d3b8d92 .elementor-heading-title{font-size:35px;}.elementor-1115 .elementor-element.elementor-element-e34d6f6{font-size:16px;}}\/* Start Custom Fonts CSS *\/@font-face {\n\tfont-family: 'Helvetica Neue';\n\tfont-style: normal;\n\tfont-weight: 900;\n\tfont-display: auto;\n\tsrc: url('https:\/\/vinculacion.utpl.edu.ec\/revistaimpactomas\/wp-content\/uploads\/2023\/12\/HelveticaNeue-CondensedBlack-10.ttf') format('truetype');\n}\n\/* End Custom Fonts CSS *\/<\/style>\t\t<div data-elementor-type=\"section\" data-elementor-id=\"1115\" class=\"elementor elementor-1115\" data-elementor-post-type=\"elementor_library\">\n\t\t\t\t\t\t\t\t<section class=\"elementor-section elementor-top-section elementor-element elementor-element-bce6d9e elementor-section-boxed elementor-section-height-default elementor-section-height-default\" data-id=\"bce6d9e\" data-element_type=\"section\">\n\t\t\t\t\t\t<div class=\"elementor-container elementor-column-gap-default\">\n\t\t\t\t\t<div class=\"elementor-column elementor-col-100 elementor-top-column elementor-element elementor-element-ab36a4d\" data-id=\"ab36a4d\" data-element_type=\"column\">\n\t\t\t<div class=\"elementor-widget-wrap elementor-element-populated\">\n\t\t\t\t\t\t\t\t<div class=\"elementor-element elementor-element-d3b8d92 elementor-widget elementor-widget-heading\" data-id=\"d3b8d92\" data-element_type=\"widget\" data-widget_type=\"heading.default\">\n\t\t\t\t<div class=\"elementor-widget-container\">\n\t\t\t<style>\/*! elementor - v3.18.0 - 08-12-2023 *\/\n.elementor-heading-title{padding:0;margin:0;line-height:1}.elementor-widget-heading .elementor-heading-title[class*=elementor-size-]>a{color:inherit;font-size:inherit;line-height:inherit}.elementor-widget-heading .elementor-heading-title.elementor-size-small{font-size:15px}.elementor-widget-heading .elementor-heading-title.elementor-size-medium{font-size:19px}.elementor-widget-heading .elementor-heading-title.elementor-size-large{font-size:29px}.elementor-widget-heading .elementor-heading-title.elementor-size-xl{font-size:39px}.elementor-widget-heading .elementor-heading-title.elementor-size-xxl{font-size:59px}<\/style><h2 class=\"elementor-heading-title elementor-size-default\">Productos Forestales No Maderables (PFNM) son todos los bienes distintos de la madera, que se producen naturalmente en los bosques y que pueden ser cosechados sin necesidad de talar \u00e1rboles.<\/h2>\t\t<\/div>\n\t\t\t\t<\/div>\n\t\t\t\t<div class=\"elementor-element elementor-element-2c3b286 e-transform elementor-view-default elementor-widget elementor-widget-icon\" data-id=\"2c3b286\" data-element_type=\"widget\" data-settings=\"{&quot;_transform_rotateZ_effect&quot;:{&quot;unit&quot;:&quot;px&quot;,&quot;size&quot;:90,&quot;sizes&quot;:[]},&quot;_transform_rotateZ_effect_tablet&quot;:{&quot;unit&quot;:&quot;deg&quot;,&quot;size&quot;:&quot;&quot;,&quot;sizes&quot;:[]},&quot;_transform_rotateZ_effect_mobile&quot;:{&quot;unit&quot;:&quot;deg&quot;,&quot;size&quot;:&quot;&quot;,&quot;sizes&quot;:[]}}\" data-widget_type=\"icon.default\">\n\t\t\t\t<div class=\"elementor-widget-container\">\n\t\t\t\t\t<div class=\"elementor-icon-wrapper\">\n\t\t\t<div class=\"elementor-icon\">\n\t\t\t<i aria-hidden=\"true\" class=\"icon icon-chevron-right\"><\/i>\t\t\t<\/div>\n\t\t<\/div>\n\t\t\t\t<\/div>\n\t\t\t\t<\/div>\n\t\t\t\t<div class=\"elementor-element elementor-element-2c3b89d elementor-widget-divider--view-line elementor-widget elementor-widget-divider\" data-id=\"2c3b89d\" data-element_type=\"widget\" data-widget_type=\"divider.default\">\n\t\t\t\t<div class=\"elementor-widget-container\">\n\t\t\t<style>\/*! elementor - v3.18.0 - 08-12-2023 *\/\n.elementor-widget-divider{--divider-border-style:none;--divider-border-width:1px;--divider-color:#0c0d0e;--divider-icon-size:20px;--divider-element-spacing:10px;--divider-pattern-height:24px;--divider-pattern-size:20px;--divider-pattern-url:none;--divider-pattern-repeat:repeat-x}.elementor-widget-divider .elementor-divider{display:flex}.elementor-widget-divider .elementor-divider__text{font-size:15px;line-height:1;max-width:95%}.elementor-widget-divider .elementor-divider__element{margin:0 var(--divider-element-spacing);flex-shrink:0}.elementor-widget-divider .elementor-icon{font-size:var(--divider-icon-size)}.elementor-widget-divider .elementor-divider-separator{display:flex;margin:0;direction:ltr}.elementor-widget-divider--view-line_icon .elementor-divider-separator,.elementor-widget-divider--view-line_text .elementor-divider-separator{align-items:center}.elementor-widget-divider--view-line_icon .elementor-divider-separator:after,.elementor-widget-divider--view-line_icon .elementor-divider-separator:before,.elementor-widget-divider--view-line_text .elementor-divider-separator:after,.elementor-widget-divider--view-line_text .elementor-divider-separator:before{display:block;content:\"\";border-bottom:0;flex-grow:1;border-top:var(--divider-border-width) var(--divider-border-style) var(--divider-color)}.elementor-widget-divider--element-align-left .elementor-divider .elementor-divider-separator>.elementor-divider__svg:first-of-type{flex-grow:0;flex-shrink:100}.elementor-widget-divider--element-align-left .elementor-divider-separator:before{content:none}.elementor-widget-divider--element-align-left .elementor-divider__element{margin-left:0}.elementor-widget-divider--element-align-right .elementor-divider .elementor-divider-separator>.elementor-divider__svg:last-of-type{flex-grow:0;flex-shrink:100}.elementor-widget-divider--element-align-right .elementor-divider-separator:after{content:none}.elementor-widget-divider--element-align-right .elementor-divider__element{margin-right:0}.elementor-widget-divider:not(.elementor-widget-divider--view-line_text):not(.elementor-widget-divider--view-line_icon) .elementor-divider-separator{border-top:var(--divider-border-width) var(--divider-border-style) var(--divider-color)}.elementor-widget-divider--separator-type-pattern{--divider-border-style:none}.elementor-widget-divider--separator-type-pattern.elementor-widget-divider--view-line .elementor-divider-separator,.elementor-widget-divider--separator-type-pattern:not(.elementor-widget-divider--view-line) .elementor-divider-separator:after,.elementor-widget-divider--separator-type-pattern:not(.elementor-widget-divider--view-line) .elementor-divider-separator:before,.elementor-widget-divider--separator-type-pattern:not([class*=elementor-widget-divider--view]) .elementor-divider-separator{width:100%;min-height:var(--divider-pattern-height);-webkit-mask-size:var(--divider-pattern-size) 100%;mask-size:var(--divider-pattern-size) 100%;-webkit-mask-repeat:var(--divider-pattern-repeat);mask-repeat:var(--divider-pattern-repeat);background-color:var(--divider-color);-webkit-mask-image:var(--divider-pattern-url);mask-image:var(--divider-pattern-url)}.elementor-widget-divider--no-spacing{--divider-pattern-size:auto}.elementor-widget-divider--bg-round{--divider-pattern-repeat:round}.rtl .elementor-widget-divider .elementor-divider__text{direction:rtl}.e-con-inner>.elementor-widget-divider,.e-con>.elementor-widget-divider{width:var(--container-widget-width,100%);--flex-grow:var(--container-widget-flex-grow)}<\/style>\t\t<div class=\"elementor-divider\">\n\t\t\t<span class=\"elementor-divider-separator\">\n\t\t\t\t\t\t<\/span>\n\t\t<\/div>\n\t\t\t\t<\/div>\n\t\t\t\t<\/div>\n\t\t\t\t<div class=\"elementor-element elementor-element-e34d6f6 elementor-widget elementor-widget-text-editor\" data-id=\"e34d6f6\" data-element_type=\"widget\" data-widget_type=\"text-editor.default\">\n\t\t\t\t<div class=\"elementor-widget-container\">\n\t\t\t<style>\/*! elementor - v3.18.0 - 08-12-2023 *\/\n.elementor-widget-text-editor.elementor-drop-cap-view-stacked .elementor-drop-cap{background-color:#69727d;color:#fff}.elementor-widget-text-editor.elementor-drop-cap-view-framed .elementor-drop-cap{color:#69727d;border:3px solid;background-color:transparent}.elementor-widget-text-editor:not(.elementor-drop-cap-view-default) .elementor-drop-cap{margin-top:8px}.elementor-widget-text-editor:not(.elementor-drop-cap-view-default) .elementor-drop-cap-letter{width:1em;height:1em}.elementor-widget-text-editor .elementor-drop-cap{float:left;text-align:center;line-height:1;font-size:50px}.elementor-widget-text-editor .elementor-drop-cap-letter{display:inline-block}<\/style>\t\t\t\tEj. semillas, frutos secos, aceites, fibras, hongos, etc.\t\t\t\t\t\t<\/div>\n\t\t\t\t<\/div>\n\t\t\t\t\t<\/div>\n\t\t<\/div>\n\t\t\t\t\t\t\t<\/div>\n\t\t<\/section>\n\t\t\t\t\t\t<\/div>\n\t\t\n\n\n<p><\/p>\n\n\n\n<p>El peligro que afrontan los bosques en la Amazon\u00eda ecuatoriana no es ajeno a la problem\u00e1tica social que anida en sus comunidades ind\u00edgenas y colonos, ya que la precariedad econ\u00f3mica en la que se ven inmersos al ser parte del \u00e1rea rural del pa\u00eds, agudiza inevitablemente el aumento de la deforestaci\u00f3n en la regi\u00f3n para el desarrollo de actividades agr\u00edcolas o pecuarias, vistas como oportunidad para la obtenci\u00f3n de un sustento de vida.<\/p>\n\n\n\n<p>En este punto, se reconoce la importancia de establecer e implementar estrategias de acci\u00f3n y pol\u00edticas p\u00fablicas que contribuyan simult\u00e1neamente a la <strong>conservaci\u00f3n de las \u00e1reas y bosques de la RAE, al uso sustentable de sus recursos, al mejoramiento de la calidad de vida de las personas y al desarrollo econ\u00f3mico de sus comunidades<\/strong>. Se trasluce entonces la importancia de recurrir a los principios de la Bioeconom\u00eda para construir modelos de negocio sostenibles, con una menor huella de carbono, que aporten al crecimiento sostenible de una regi\u00f3n amaz\u00f3nica que cubre cerca de la mitad del territorio de un pa\u00eds en v\u00edas de desarrollo.<\/p>\n\n\n\n<div style=\"height:40px\" aria-hidden=\"true\" class=\"wp-block-spacer\"><\/div>\n\n\n\n<h2 class=\"wp-block-heading\">Bionegocios: desarrollo productivo desde un enfoque de conservaci\u00f3n<\/h2>\n\n\n\n<p>Ecuador ha dado grandes pasos en este contexto. Iniciativas emblem\u00e1ticas como el <strong><a href=\"http:\/\/reddecuador.ambiente.gob.ec\/redd\/\" target=\"_blank\" rel=\"noreferrer noopener\">Plan de Acci\u00f3n REDD+<\/a><\/strong>, el <a href=\"https:\/\/sociobosque.ambiente.gob.ec\/\" target=\"_blank\" rel=\"noreferrer noopener\"><strong>Proyecto Socio Bosque (PSB)<\/strong><\/a> y el <a href=\"https:\/\/www.proamazonia.org\/\" target=\"_blank\" rel=\"noreferrer noopener\"><strong>Programa Integral Amaz\u00f3nico de Conservaci\u00f3n de Bosques y Producci\u00f3n Sostenible (PROAmazon\u00eda)<\/strong><\/a>, movilizan esfuerzos a nivel nacional para contribuir de forma s\u00f3lida a la conservaci\u00f3n de los bosques, la mitigaci\u00f3n del cambio clim\u00e1tico y el desarrollo productivo sostenible de las comunidades de la RAE.<\/p>\n\n\n<div class=\"wp-block-image\">\n<figure class=\"aligncenter size-full\"><img fetchpriority=\"high\" decoding=\"async\" width=\"864\" height=\"676\" src=\"https:\/\/vinculacion.utpl.edu.ec\/impactomas\/wp-content\/uploads\/2022\/12\/iniciativas-ecuador-conservacion-bosques.png\" alt=\"\" class=\"wp-image-2250\" srcset=\"https:\/\/vinculacion.utpl.edu.ec\/revistaimpactomas\/wp-content\/uploads\/2022\/12\/iniciativas-ecuador-conservacion-bosques.png 864w, https:\/\/vinculacion.utpl.edu.ec\/revistaimpactomas\/wp-content\/uploads\/2022\/12\/iniciativas-ecuador-conservacion-bosques-300x235.png 300w, https:\/\/vinculacion.utpl.edu.ec\/revistaimpactomas\/wp-content\/uploads\/2022\/12\/iniciativas-ecuador-conservacion-bosques-768x601.png 768w\" sizes=\"(max-width: 864px) 100vw, 864px\" \/><\/figure><\/div>\n\n\n<div style=\"height:20px\" aria-hidden=\"true\" class=\"wp-block-spacer\"><\/div>\n\n\n\n<p>Estas tres iniciativas reconocen el <strong>rol estrat\u00e9gico que cumplen los bionegocios en el desarrollo sostenible de las comunidades rurales del pa\u00eds<\/strong> \u2014m\u00e1s aun siendo Ecuador un destino megadiverso\u2014, ya que estos modelos de negocio implican el aprovechamiento sostenible de los recursos biol\u00f3gicos para crear productos o servicios que generen rentabilidad econ\u00f3mica y desarrollo comunitario a partir de la identificaci\u00f3n de mercados a nivel local, nacional e internacional que valoren su origen org\u00e1nico y amigable con el ambiente.<\/p>\n\n\n\n<p>La <a href=\"https:\/\/utpl.edu.ec\/\" data-type=\"link\" data-id=\"https:\/\/utpl.edu.ec\/\" target=\"_blank\" rel=\"noreferrer noopener\"><strong>Universidad T\u00e9cnica Particular de Loja (UTPL)<\/strong><\/a> es una de las instituciones privadas que, reconociendo la realidad de la Amazon\u00eda ecuatoriana, con sus necesidades m\u00e1s urgentes y sus m\u00faltiples atributos y potencialidades, une esfuerzos con el Ministerio del Ambiente, Agua y Transici\u00f3n Ecol\u00f3gica (MAATE) y el Ministerio de Agricultura y Ganader\u00eda (MAG) para aportar a la consecuci\u00f3n de los objetivos de PROAmazon\u00eda.<\/p>\n\n\n\n<p>De esta forma, desde 2019, la UTPL ha impulsado un proyecto de investigaci\u00f3n y vinculaci\u00f3n con la sociedad que, al 2022, ha permitido <strong>consolidar y fortalecer el bioemprendimiento en comunidades ind\u00edgenas y colonos de la RAE, a partir de la identificaci\u00f3n y aprovechamiento sostenible de productos forestales no maderables (PFNM)<\/strong> en las provincias de Morona Santiago, Sucumb\u00edos, Zamora y Loja.<\/p>\n\n\n\n<p>El proyecto ejecutado por m\u00e1s de 15 docentes interdisciplinarios de la UTPL durante tres a\u00f1os, cubre <strong>cuatro fases de intervenci\u00f3n para estructurar un proceso integral de asistencia t\u00e9cnica<\/strong> en las comunidades que son parte del PSB en la Amazon\u00eda ecuatoriana, comprendiendo nacionalidades Shuar y Achuar y colonos.<\/p>\n\n\n\n<p>Omar Malag\u00f3n Avil\u00e9s, docente del Departamento de Qu\u00edmica de la UTPL y l\u00edder del proyecto, explica que primero se llev\u00f3 a cabo una <strong>investigaci\u00f3n profunda sobre los PFNM<\/strong> presentes en las comunidades de Malvas, Setuch, Mashumarentza, Wisui, Kaank Grande, Antuash y Shakai, determinando los m\u00e1s promisorios para desarrollar con ellos <strong>prototipos de productos o servicios <\/strong>que se puedan producir y comercializar desde un enfoque de manejo forestal sostenible. Como segundo paso se realiz\u00f3 un an\u00e1lisis socioecon\u00f3mico y cultural para <strong>establecer cadenas de valor viables y competitivas<\/strong> que permitan proyectar una rentabilidad para estos productos\/servicios. Con estos primeros pasos ya concretados, como tercera fase se impuls\u00f3 un <strong>programa de fortalecimiento de capacidades locales<\/strong> en temas de organizaci\u00f3n empresarial, bioemprendimiento, comercializaci\u00f3n y negocios inclusivos, para luego brindar asesor\u00eda y acompa\u00f1amiento en la elaboraci\u00f3n de planes de negocio y manejo ambiental.<\/p>\n\n\n\n<p>El proyecto concluy\u00f3 con la <strong>creaci\u00f3n de un repositorio b\u00e1sico de conocimiento<\/strong> para visibilizar las mejores pr\u00e1cticas de uso sostenible de PFNM y una <strong>gu\u00eda para<\/strong> <strong>dise\u00f1ar micro corredores biol\u00f3gicos<\/strong>, con el fin de promover puntos de tr\u00e1nsito entre zonas del sistema nacional de \u00e1reas protegidas del Ecuador.<\/p>\n\n\n<div class=\"wp-block-image\">\n<figure class=\"aligncenter size-full\"><img decoding=\"async\" width=\"883\" height=\"848\" src=\"https:\/\/vinculacion.utpl.edu.ec\/impactomas\/wp-content\/uploads\/2022\/12\/resultados-proyecto-vinculacion-utpl-bionegocios-pfnm-amazonia.png\" alt=\"\" class=\"wp-image-2255\" srcset=\"https:\/\/vinculacion.utpl.edu.ec\/revistaimpactomas\/wp-content\/uploads\/2022\/12\/resultados-proyecto-vinculacion-utpl-bionegocios-pfnm-amazonia.png 883w, https:\/\/vinculacion.utpl.edu.ec\/revistaimpactomas\/wp-content\/uploads\/2022\/12\/resultados-proyecto-vinculacion-utpl-bionegocios-pfnm-amazonia-300x288.png 300w, https:\/\/vinculacion.utpl.edu.ec\/revistaimpactomas\/wp-content\/uploads\/2022\/12\/resultados-proyecto-vinculacion-utpl-bionegocios-pfnm-amazonia-768x738.png 768w\" sizes=\"(max-width: 883px) 100vw, 883px\" \/><\/figure><\/div>\n\n\n<div style=\"height:20px\" aria-hidden=\"true\" class=\"wp-block-spacer\"><\/div>\n\n\n\n<p>Como parte del proyecto, la UTPL <strong>instal\u00f3 la 1.<sup>a<\/sup> planta mec\u00e1nica de extracci\u00f3n de aceites vegetales (morete, ishpingo y ungurahua) en Mashumarentza<\/strong>, cant\u00f3n Taisha, a fin de optimizar el proceso de producci\u00f3n que implican los bionegocios implementados. Un hito para la comunidad amaz\u00f3nica, dado que en el sector carecen de luz el\u00e9ctrica y luz solar.<\/p>\n\n\n\n<figure class=\"wp-block-pullquote has-background has-medium-font-size\" style=\"background-color:#fdeab5\"><blockquote><p>Todas las familias, sin excluir a nadie, est\u00e1n involucradas en este proyecto que busca impulsar nuestra bioeconom\u00eda. Seg\u00fan nuestra integraci\u00f3n comunitaria, planificaremos el trabajo en la planta para aprovechar la temporada del morete y que todos puedan vender. <\/p><cite>Ernesto Senkuam Wisui<br><strong>Miembro de la comunidad de Mashumarentza<\/strong><\/cite><\/blockquote><\/figure>\n\n\n\n<div style=\"height:20px\" aria-hidden=\"true\" class=\"wp-block-spacer\"><\/div>\n\n\n\n<p>Los bionegocios se constituyen en una v\u00eda directa hacia el desarrollo sostenible \u2014econ\u00f3mico, social y ambiental\u2014 de la Regi\u00f3n Amaz\u00f3nica Ecuatoriana, as\u00ed como tambi\u00e9n, en una estrategia efectiva para la transformaci\u00f3n cultural de sus comunidades aut\u00f3ctonas que logra incidir en una mitigaci\u00f3n real del cambio clim\u00e1tico, porque las buenas pr\u00e1cticas de manejo forestal sostenible que instauran, hacen posible que los ecosistemas y h\u00e1bitats naturales de la regi\u00f3n no se conviertan en sistemas productivos basados en una explotaci\u00f3n implacable con el planeta y sus diversas formas de vida.<\/p>\n","protected":false},"excerpt":{"rendered":"<p>Aprovechamiento de productos forestales no maderables y creaci\u00f3n de modelos de negocio fundamentados en los principios de la bioeconom\u00eda, son dos de las estrategias claves que demanda la Amazon\u00eda para la conservaci\u00f3n de sus bosques y el desarrollo econ\u00f3mico sostenible de sus comunidades aut\u00f3ctonas. Un proyecto de vinculaci\u00f3n de la UTPL ha trabajado durante tres a\u00f1os en la sistematizaci\u00f3n de estas dos vertientes y, al t\u00e9rmino del 2022, cosecha sus frutos.<\/p>\n","protected":false},"author":2,"featured_media":2874,"comment_status":"closed","ping_status":"closed","sticky":false,"template":"","format":"standard","meta":{"footnotes":""},"categories":[42],"tags":[85,84,72,68,69,67,66],"edicion":[9],"linea-de-accion":[49],"acf":[],"_links":{"self":[{"href":"https:\/\/vinculacion.utpl.edu.ec\/revistaimpactomas\/wp-json\/wp\/v2\/posts\/1984"}],"collection":[{"href":"https:\/\/vinculacion.utpl.edu.ec\/revistaimpactomas\/wp-json\/wp\/v2\/posts"}],"about":[{"href":"https:\/\/vinculacion.utpl.edu.ec\/revistaimpactomas\/wp-json\/wp\/v2\/types\/post"}],"author":[{"embeddable":true,"href":"https:\/\/vinculacion.utpl.edu.ec\/revistaimpactomas\/wp-json\/wp\/v2\/users\/2"}],"replies":[{"embeddable":true,"href":"https:\/\/vinculacion.utpl.edu.ec\/revistaimpactomas\/wp-json\/wp\/v2\/comments?post=1984"}],"version-history":[{"count":26,"href":"https:\/\/vinculacion.utpl.edu.ec\/revistaimpactomas\/wp-json\/wp\/v2\/posts\/1984\/revisions"}],"predecessor-version":[{"id":2681,"href":"https:\/\/vinculacion.utpl.edu.ec\/revistaimpactomas\/wp-json\/wp\/v2\/posts\/1984\/revisions\/2681"}],"wp:featuredmedia":[{"embeddable":true,"href":"https:\/\/vinculacion.utpl.edu.ec\/revistaimpactomas\/wp-json\/wp\/v2\/media\/2874"}],"wp:attachment":[{"href":"https:\/\/vinculacion.utpl.edu.ec\/revistaimpactomas\/wp-json\/wp\/v2\/media?parent=1984"}],"wp:term":[{"taxonomy":"category","embeddable":true,"href":"https:\/\/vinculacion.utpl.edu.ec\/revistaimpactomas\/wp-json\/wp\/v2\/categories?post=1984"},{"taxonomy":"post_tag","embeddable":true,"href":"https:\/\/vinculacion.utpl.edu.ec\/revistaimpactomas\/wp-json\/wp\/v2\/tags?post=1984"},{"taxonomy":"edicion","embeddable":true,"href":"https:\/\/vinculacion.utpl.edu.ec\/revistaimpactomas\/wp-json\/wp\/v2\/edicion?post=1984"},{"taxonomy":"linea-de-accion","embeddable":true,"href":"https:\/\/vinculacion.utpl.edu.ec\/revistaimpactomas\/wp-json\/wp\/v2\/linea-de-accion?post=1984"}],"curies":[{"name":"wp","href":"https:\/\/api.w.org\/{rel}","templated":true}]}}