{"id":1836,"date":"2022-12-02T10:00:00","date_gmt":"2022-12-02T15:00:00","guid":{"rendered":"https:\/\/vinculacion.utpl.edu.ec\/impactomas\/?p=1836"},"modified":"2024-11-13T13:20:42","modified_gmt":"2024-11-13T18:20:42","slug":"teatro-arte-y-cultura-rehabilitacion-social-adolescentes-infractores-en-ecuador","status":"publish","type":"post","link":"https:\/\/vinculacion.utpl.edu.ec\/revistaimpactomas\/acciones-con-impacto\/teatro-arte-y-cultura-rehabilitacion-social-adolescentes-infractores-en-ecuador\/","title":{"rendered":"Teatro, arte y cultura: transformando la rehabilitaci\u00f3n social de adolescentes infractores en Ecuador"},"content":{"rendered":"\n<div style=\"height:40px\" aria-hidden=\"true\" class=\"wp-block-spacer\"><\/div>\n\n\n\n<p>En medio de una de las crisis carcelarias m\u00e1s graves de la historia del Ecuador, que se perpet\u00faa con vertiginosidad desde hace tres a\u00f1os sin encontrar un punto de inflexi\u00f3n que devuelva la paz y seguridad para todas las personas, se evidencia un c\u00famulo de problemas sociales arraigados a una realidad no solo nacional, sino de toda una regi\u00f3n.<\/p>\n\n\n\n<p>Pa\u00edses de Am\u00e9rica Latina y el Caribe afrontan una situaci\u00f3n similar en sus sistemas penitenciarios, caracterizados por altos niveles de violencia y corrupci\u00f3n que se filtran en su ADN y evidencian la falta de medidas correctivas que prioricen la prevenci\u00f3n de la delincuencia desde su causa ra\u00edz. Los centros carcelarios de la regi\u00f3n se encuentran marcados por el hacinamiento, la precariedad, la insalubridad, la corrupci\u00f3n y una red de narcotr\u00e1fico que se expande y carcome \u2014cual c\u00e1ncer\u2014 cada rinc\u00f3n del territorio, dentro o fuera de las rejas.<\/p>\n\n\n\n<p>Desde un an\u00e1lisis cr\u00edtico-valorativo de esta realidad que sume a los pa\u00edses latinoamericanos a un estado de crisis permanente, tomando como caso de estudio a Ecuador, se vislumbra que los sistemas penitenciarios privilegian de manera exponencial el encarcelamiento como medida reactiva, emergente y aislada para resolver un problema m\u00e1s profundo que demanda abordarse desde la garant\u00eda de un sistema de rehabilitaci\u00f3n efectiva que permita reinsertar \u2014a nivel social y laboral\u2014, a un grupo extenso de personas que han infringido la ley y que, tarde o temprano, retornar\u00e1n a su n\u00facleo familiar y a la sociedad en general.<\/p>\n\n\n\n<p>Es as\u00ed que se ha despertado la necesidad imperante de gestionar los factores que est\u00e1n bajo la <em>punta del iceberg<\/em>: pobreza, empleo y educaci\u00f3n, y es, este \u00faltimo elemento, el que nos sit\u00faa frente a los <strong>adolescentes infractores del pa\u00eds<\/strong>, quienes, por su desarrollo f\u00edsico y psicol\u00f3gico y sus necesidades emocionales y educativas, se diferencian de los adultos y demandan en consecuencia de una <strong>pol\u00edtica p\u00fablica de rehabilitaci\u00f3n social con \u00e9nfasis en el proceso socioeducativo<\/strong>. El reto es claro: evitar que la violencia y delincuencia se instauren como forma de vida desde la infancia o adolescencia y destruyan la sociedad desde adentro. El reto es lograr que las medidas socioeducativas, ya sea no privativas de libertad o privativas de libertad, doten a los adolescentes de conocimiento, habilidades y herramientas para que, al tiempo que resarcen o compensan el da\u00f1o causado, se reinserten en la sociedad de forma sana, productiva y sostenible.<\/p>\n\n\n\n<div class=\"wp-block-media-text is-stacked-on-mobile\" style=\"grid-template-columns:58% auto\"><figure class=\"wp-block-media-text__media\"><img fetchpriority=\"high\" decoding=\"async\" width=\"736\" height=\"685\" src=\"https:\/\/vinculacion.utpl.edu.ec\/impactomas\/wp-content\/uploads\/2022\/12\/medidas-socioeducativas-ecuador-adolescentes-2022.png\" alt=\"Adolescentes infractores Ecuador con medidas socioeducativas en 2022.\" class=\"wp-image-2234 size-full\" srcset=\"https:\/\/vinculacion.utpl.edu.ec\/revistaimpactomas\/wp-content\/uploads\/2022\/12\/medidas-socioeducativas-ecuador-adolescentes-2022.png 736w, https:\/\/vinculacion.utpl.edu.ec\/revistaimpactomas\/wp-content\/uploads\/2022\/12\/medidas-socioeducativas-ecuador-adolescentes-2022-300x279.png 300w\" sizes=\"(max-width: 736px) 100vw, 736px\" \/><\/figure><div class=\"wp-block-media-text__content\">\n<p><\/p>\n\n\n\n<h3 class=\"wp-block-heading\">\u00bfQu\u00e9 estamos haciendo para contribuir a su proceso efectivo de rehabilitaci\u00f3n y reinserci\u00f3n social?<\/h3>\n<\/div><\/div>\n\n\n\n<div style=\"height:40px\" aria-hidden=\"true\" class=\"wp-block-spacer\"><\/div>\n\n\n\n<h2 class=\"wp-block-heading\">Intervenci\u00f3n socioeducativa desde el arte: \u00bfes posible?<\/h2>\n\n\n\n<p>Si bien la <a href=\"https:\/\/www.derechoshumanos.gob.ec\/wp-content\/uploads\/2022\/02\/18_02.-Politica-Publica-de-Rehabilitacion-Social_vF-.pdf\" target=\"_blank\" rel=\"noreferrer noopener\"><strong>Pol\u00edtica P\u00fablica de Rehabilitaci\u00f3n Social 2022-2025<\/strong><\/a>, desde un enfoque integral de protecci\u00f3n de derechos humanos, contempla medidas socioeducativas para los adolescentes infractores, precautelando su educaci\u00f3n, integraci\u00f3n familiar e inclusi\u00f3n constructiva en la sociedad, no se visibiliza de manera contundente el potencial de la intervenci\u00f3n socioeducativa desde una pedagog\u00eda art\u00edstica para complementar la educaci\u00f3n formal de los adolescentes.<\/p>\n\n\n\n<p>Aun cuando los programas art\u00edsticos y culturales son parte de las actividades que se ejecutan dentro de los <strong>Centros de Adolescentes Infractores (CAI) en Ecuador<\/strong>, estos no se encuentran valorados del todo con el nivel de importancia que conllevan para un proceso correcto de rehabilitaci\u00f3n social y no est\u00e1n siendo aprovechados en su integridad con todas las categor\u00edas que abarcan. De acuerdo a una investigaci\u00f3n del Observatorio Cultural de la Universidad T\u00e9cnica Particular de Loja (UTPL), artesan\u00edas (35,7 %), pintura (21,5 %) y m\u00fasica (21,5 %) son las actividades que se desarrollan principalmente en los CAI a nivel nacional, pero el teatro (14,2 %) y la danza (7,10 %) no figuran con el mismo rigor y frecuencia.<\/p>\n\n\n<style>.elementor-1115 .elementor-element.elementor-element-bce6d9e > .elementor-container{max-width:800px;}.elementor-1115 .elementor-element.elementor-element-ab36a4d > .elementor-widget-wrap > .elementor-widget:not(.elementor-widget__width-auto):not(.elementor-widget__width-initial):not(:last-child):not(.elementor-absolute){margin-bottom:10px;}.elementor-1115 .elementor-element.elementor-element-d3b8d92{text-align:center;}.elementor-1115 .elementor-element.elementor-element-d3b8d92 .elementor-heading-title{color:var( --e-global-color-secondary );font-family:\"Helvetica Neue\", Sans-serif;font-size:32px;font-weight:900;}.elementor-1115 .elementor-element.elementor-element-2c3b286 .elementor-icon-wrapper{text-align:center;}.elementor-1115 .elementor-element.elementor-element-2c3b286.elementor-view-stacked .elementor-icon{background-color:var( --e-global-color-secondary );}.elementor-1115 .elementor-element.elementor-element-2c3b286.elementor-view-framed .elementor-icon, .elementor-1115 .elementor-element.elementor-element-2c3b286.elementor-view-default .elementor-icon{color:var( --e-global-color-secondary );border-color:var( --e-global-color-secondary );}.elementor-1115 .elementor-element.elementor-element-2c3b286.elementor-view-framed .elementor-icon, .elementor-1115 .elementor-element.elementor-element-2c3b286.elementor-view-default .elementor-icon svg{fill:var( --e-global-color-secondary );}.elementor-1115 .elementor-element.elementor-element-2c3b286 .elementor-icon{font-size:20px;}.elementor-1115 .elementor-element.elementor-element-2c3b286 .elementor-icon svg{height:20px;}.elementor-1115 .elementor-element.elementor-element-2c3b286 > .elementor-widget-container{--e-transform-rotateZ:90deg;}.elementor-1115 .elementor-element.elementor-element-2c3b89d{--divider-border-style:solid;--divider-color:var( --e-global-color-primary );--divider-border-width:1px;}.elementor-1115 .elementor-element.elementor-element-2c3b89d .elementor-divider-separator{width:20%;margin:0 auto;margin-center:0;}.elementor-1115 .elementor-element.elementor-element-2c3b89d .elementor-divider{text-align:center;padding-top:0px;padding-bottom:0px;}.elementor-1115 .elementor-element.elementor-element-e34d6f6{text-align:center;font-family:\"Roboto\", Sans-serif;font-size:15px;font-weight:400;}@media(max-width:767px){.elementor-1115 .elementor-element.elementor-element-d3b8d92 .elementor-heading-title{font-size:35px;}.elementor-1115 .elementor-element.elementor-element-e34d6f6{font-size:16px;}}\/* Start Custom Fonts CSS *\/@font-face {\n\tfont-family: 'Helvetica Neue';\n\tfont-style: normal;\n\tfont-weight: 900;\n\tfont-display: auto;\n\tsrc: url('https:\/\/vinculacion.utpl.edu.ec\/revistaimpactomas\/wp-content\/uploads\/2023\/12\/HelveticaNeue-CondensedBlack-10.ttf') format('truetype');\n}\n\/* End Custom Fonts CSS *\/<\/style>\t\t<div data-elementor-type=\"section\" data-elementor-id=\"1115\" class=\"elementor elementor-1115\" data-elementor-post-type=\"elementor_library\">\n\t\t\t\t\t\t\t\t<section class=\"elementor-section elementor-top-section elementor-element elementor-element-bce6d9e elementor-section-boxed elementor-section-height-default elementor-section-height-default\" data-id=\"bce6d9e\" data-element_type=\"section\">\n\t\t\t\t\t\t<div class=\"elementor-container elementor-column-gap-default\">\n\t\t\t\t\t<div class=\"elementor-column elementor-col-100 elementor-top-column elementor-element elementor-element-ab36a4d\" data-id=\"ab36a4d\" data-element_type=\"column\">\n\t\t\t<div class=\"elementor-widget-wrap elementor-element-populated\">\n\t\t\t\t\t\t\t\t<div class=\"elementor-element elementor-element-d3b8d92 elementor-widget elementor-widget-heading\" data-id=\"d3b8d92\" data-element_type=\"widget\" data-widget_type=\"heading.default\">\n\t\t\t\t<div class=\"elementor-widget-container\">\n\t\t\t<style>\/*! elementor - v3.18.0 - 08-12-2023 *\/\n.elementor-heading-title{padding:0;margin:0;line-height:1}.elementor-widget-heading .elementor-heading-title[class*=elementor-size-]>a{color:inherit;font-size:inherit;line-height:inherit}.elementor-widget-heading .elementor-heading-title.elementor-size-small{font-size:15px}.elementor-widget-heading .elementor-heading-title.elementor-size-medium{font-size:19px}.elementor-widget-heading .elementor-heading-title.elementor-size-large{font-size:29px}.elementor-widget-heading .elementor-heading-title.elementor-size-xl{font-size:39px}.elementor-widget-heading .elementor-heading-title.elementor-size-xxl{font-size:59px}<\/style><h2 class=\"elementor-heading-title elementor-size-default\">El arte y la cultura son en esencia una herramienta educativa que permite desarrollar sensibilidad y otros procesos cognitivos que modulan las emociones.<\/h2>\t\t<\/div>\n\t\t\t\t<\/div>\n\t\t\t\t<div class=\"elementor-element elementor-element-2c3b286 e-transform elementor-view-default elementor-widget elementor-widget-icon\" data-id=\"2c3b286\" data-element_type=\"widget\" data-settings=\"{&quot;_transform_rotateZ_effect&quot;:{&quot;unit&quot;:&quot;px&quot;,&quot;size&quot;:90,&quot;sizes&quot;:[]},&quot;_transform_rotateZ_effect_tablet&quot;:{&quot;unit&quot;:&quot;deg&quot;,&quot;size&quot;:&quot;&quot;,&quot;sizes&quot;:[]},&quot;_transform_rotateZ_effect_mobile&quot;:{&quot;unit&quot;:&quot;deg&quot;,&quot;size&quot;:&quot;&quot;,&quot;sizes&quot;:[]}}\" data-widget_type=\"icon.default\">\n\t\t\t\t<div class=\"elementor-widget-container\">\n\t\t\t\t\t<div class=\"elementor-icon-wrapper\">\n\t\t\t<div class=\"elementor-icon\">\n\t\t\t<i aria-hidden=\"true\" class=\"icon icon-chevron-right\"><\/i>\t\t\t<\/div>\n\t\t<\/div>\n\t\t\t\t<\/div>\n\t\t\t\t<\/div>\n\t\t\t\t<div class=\"elementor-element elementor-element-2c3b89d elementor-widget-divider--view-line elementor-widget elementor-widget-divider\" data-id=\"2c3b89d\" data-element_type=\"widget\" data-widget_type=\"divider.default\">\n\t\t\t\t<div class=\"elementor-widget-container\">\n\t\t\t<style>\/*! elementor - v3.18.0 - 08-12-2023 *\/\n.elementor-widget-divider{--divider-border-style:none;--divider-border-width:1px;--divider-color:#0c0d0e;--divider-icon-size:20px;--divider-element-spacing:10px;--divider-pattern-height:24px;--divider-pattern-size:20px;--divider-pattern-url:none;--divider-pattern-repeat:repeat-x}.elementor-widget-divider .elementor-divider{display:flex}.elementor-widget-divider .elementor-divider__text{font-size:15px;line-height:1;max-width:95%}.elementor-widget-divider .elementor-divider__element{margin:0 var(--divider-element-spacing);flex-shrink:0}.elementor-widget-divider .elementor-icon{font-size:var(--divider-icon-size)}.elementor-widget-divider .elementor-divider-separator{display:flex;margin:0;direction:ltr}.elementor-widget-divider--view-line_icon .elementor-divider-separator,.elementor-widget-divider--view-line_text .elementor-divider-separator{align-items:center}.elementor-widget-divider--view-line_icon .elementor-divider-separator:after,.elementor-widget-divider--view-line_icon .elementor-divider-separator:before,.elementor-widget-divider--view-line_text .elementor-divider-separator:after,.elementor-widget-divider--view-line_text .elementor-divider-separator:before{display:block;content:\"\";border-bottom:0;flex-grow:1;border-top:var(--divider-border-width) var(--divider-border-style) var(--divider-color)}.elementor-widget-divider--element-align-left .elementor-divider .elementor-divider-separator>.elementor-divider__svg:first-of-type{flex-grow:0;flex-shrink:100}.elementor-widget-divider--element-align-left .elementor-divider-separator:before{content:none}.elementor-widget-divider--element-align-left .elementor-divider__element{margin-left:0}.elementor-widget-divider--element-align-right .elementor-divider .elementor-divider-separator>.elementor-divider__svg:last-of-type{flex-grow:0;flex-shrink:100}.elementor-widget-divider--element-align-right .elementor-divider-separator:after{content:none}.elementor-widget-divider--element-align-right .elementor-divider__element{margin-right:0}.elementor-widget-divider:not(.elementor-widget-divider--view-line_text):not(.elementor-widget-divider--view-line_icon) .elementor-divider-separator{border-top:var(--divider-border-width) var(--divider-border-style) var(--divider-color)}.elementor-widget-divider--separator-type-pattern{--divider-border-style:none}.elementor-widget-divider--separator-type-pattern.elementor-widget-divider--view-line .elementor-divider-separator,.elementor-widget-divider--separator-type-pattern:not(.elementor-widget-divider--view-line) .elementor-divider-separator:after,.elementor-widget-divider--separator-type-pattern:not(.elementor-widget-divider--view-line) .elementor-divider-separator:before,.elementor-widget-divider--separator-type-pattern:not([class*=elementor-widget-divider--view]) .elementor-divider-separator{width:100%;min-height:var(--divider-pattern-height);-webkit-mask-size:var(--divider-pattern-size) 100%;mask-size:var(--divider-pattern-size) 100%;-webkit-mask-repeat:var(--divider-pattern-repeat);mask-repeat:var(--divider-pattern-repeat);background-color:var(--divider-color);-webkit-mask-image:var(--divider-pattern-url);mask-image:var(--divider-pattern-url)}.elementor-widget-divider--no-spacing{--divider-pattern-size:auto}.elementor-widget-divider--bg-round{--divider-pattern-repeat:round}.rtl .elementor-widget-divider .elementor-divider__text{direction:rtl}.e-con-inner>.elementor-widget-divider,.e-con>.elementor-widget-divider{width:var(--container-widget-width,100%);--flex-grow:var(--container-widget-flex-grow)}<\/style>\t\t<div class=\"elementor-divider\">\n\t\t\t<span class=\"elementor-divider-separator\">\n\t\t\t\t\t\t<\/span>\n\t\t<\/div>\n\t\t\t\t<\/div>\n\t\t\t\t<\/div>\n\t\t\t\t<div class=\"elementor-element elementor-element-e34d6f6 elementor-widget elementor-widget-text-editor\" data-id=\"e34d6f6\" data-element_type=\"widget\" data-widget_type=\"text-editor.default\">\n\t\t\t\t<div class=\"elementor-widget-container\">\n\t\t\t<style>\/*! elementor - v3.18.0 - 08-12-2023 *\/\n.elementor-widget-text-editor.elementor-drop-cap-view-stacked .elementor-drop-cap{background-color:#69727d;color:#fff}.elementor-widget-text-editor.elementor-drop-cap-view-framed .elementor-drop-cap{color:#69727d;border:3px solid;background-color:transparent}.elementor-widget-text-editor:not(.elementor-drop-cap-view-default) .elementor-drop-cap{margin-top:8px}.elementor-widget-text-editor:not(.elementor-drop-cap-view-default) .elementor-drop-cap-letter{width:1em;height:1em}.elementor-widget-text-editor .elementor-drop-cap{float:left;text-align:center;line-height:1;font-size:50px}.elementor-widget-text-editor .elementor-drop-cap-letter{display:inline-block}<\/style>\t\t\t\t\t\t\t\t\t\t<\/div>\n\t\t\t\t<\/div>\n\t\t\t\t\t<\/div>\n\t\t<\/div>\n\t\t\t\t\t\t\t<\/div>\n\t\t<\/section>\n\t\t\t\t\t\t<\/div>\n\t\t\n\n\n<p>Reconociendo la crisis carcelaria de Ecuador y advirtiendo el potencial del arte y la cultura para transformar positivamente el proceso de rehabilitaci\u00f3n y reinserci\u00f3n social de los adolescentes infractores, la <strong>UTPL impuls\u00f3 desde 2020 un proyecto de vinculaci\u00f3n con la sociedad denominado \u00abTeatro tras las rejas\u00bb<\/strong>, una iniciativa que desde entonces rescat\u00f3 y puso en valor el poder del teatro \u2014el mayor exponente de las artes esc\u00e9nicas\u2014 como herramienta para potenciar la socioeducaci\u00f3n desde el arte en centros de adolescentes infractores en Ecuador.<\/p>\n\n\n\n<p>El proyecto desarrolla una propuesta de intervenci\u00f3n pedag\u00f3gico-art\u00edstica <em>in situ<\/em> en el CAI Loja, ejecutada por docentes y estudiantes de la Compa\u00f1\u00eda de Teatro UTPL y de la carrera de Artes Esc\u00e9nicas de la misma universidad, que consiste en la <strong>impartici\u00f3n de clases semanales a los adolescentes infractores sobre artes esc\u00e9nicas: teatro, danza y m\u00fasica<\/strong>, para desarrollar procesos cognitivos que modulen las emociones y contribuyan al establecimiento de un protocolo efectivo de rehabilitaci\u00f3n, inclusi\u00f3n social y no violencia.<\/p>\n\n\n\n<p>Los adolescentes que se encuentran cumpliendo medidas socioeducativas privativas de la libertad en este centro, exploran t\u00e9cnicas de teatro f\u00edsico y \u2018juegos dram\u00e1ticos\u2019, por medio de actividades de expresi\u00f3n corporal, ling\u00fc\u00edstica, pl\u00e1stica y r\u00edtmico-musical, juegos de rol, improvisaci\u00f3n, proyecci\u00f3n, etc., que les permiten <strong>comprender sus sentimientos y emociones sin prejuicios, identificarse dentro de la sociedad, mejorar su comunicaci\u00f3n y descubrir nuevas habilidades<\/strong> para encausar su proyecto de vida previo a su reinserci\u00f3n social.<\/p>\n\n\n<div class=\"wp-block-image\">\n<figure class=\"aligncenter size-full\"><img decoding=\"async\" width=\"745\" height=\"420\" src=\"https:\/\/vinculacion.utpl.edu.ec\/impactomas\/wp-content\/uploads\/2022\/12\/teatro-tras-las-rejas-utpl-resultados-2022-1.png\" alt=\"Resultados de proyecto de vinculaci\u00f3n UTPL - CAI Loja: Teatro tras las rejas\" class=\"wp-image-2238\" srcset=\"https:\/\/vinculacion.utpl.edu.ec\/revistaimpactomas\/wp-content\/uploads\/2022\/12\/teatro-tras-las-rejas-utpl-resultados-2022-1.png 745w, https:\/\/vinculacion.utpl.edu.ec\/revistaimpactomas\/wp-content\/uploads\/2022\/12\/teatro-tras-las-rejas-utpl-resultados-2022-1-300x169.png 300w\" sizes=\"(max-width: 745px) 100vw, 745px\" \/><figcaption class=\"wp-element-caption\"><em>Nota.<\/em> Fuente: Observatorio Cultural UTPL, 2022.<\/figcaption><\/figure><\/div>\n\n\n<div style=\"height:20px\" aria-hidden=\"true\" class=\"wp-block-spacer\"><\/div>\n\n\n\n<p class=\"has-text-align-left\">El teatro hace posible \u00abestimular el cuerpo desde distintos lenguajes para educar la mente desde un potencial est\u00e9tico human\u00edstico\u00bb, sostiene Carla Sa\u00fal Garc\u00eda, directora de la carrera de Artes Esc\u00e9nicas de la UTPL. El objetivo principal es reeducar a los adolescentes infractores para que se reconozcan como \u2018persona\u2019 y, desde ese lugar, dotarlos de herramientas que les permitan socializar y gestionar sus emociones para vivir mejor, dentro de un contexto de paz.<\/p>\n\n\n\n<p>\u00abTeatro tras las rejas\u00bb se ha consolidado en un referente a nivel nacional de c\u00f3mo es posible abordar una intervenci\u00f3n socioeducativa desde la pedagog\u00eda art\u00edstica, logrando un impacto positivo no solo en la vida de los adolescentes infractores y sus familias, sino tambi\u00e9n en la vida de los estudiantes de la UTPL, quienes, al mimetizarse con esta nueva realidad, redescubren su prop\u00f3sito y se forman desde una perspectiva integral fundamentada en valores de empat\u00eda, esperanza, entrega, valent\u00eda, generosidad y aprendizaje continuo.<\/p>\n\n\n\n<figure class=\"wp-block-pullquote has-background has-medium-font-size\" style=\"background-color:#fdeab5\"><blockquote><p>La experiencia con los adolescentes del CAI Loja me ha permitido tener un crecimiento personal y comprender que <strong>como seres humanos podemos<\/strong> <strong>generar un cambio positivo en los dem\u00e1s<\/strong>. (\u2026)<br>&nbsp;<br>Estar dentro, compartir y ser testigo de un cambio positivo en quienes abren su alma en busca de algo mejor\u2026 buscando encontrar una mejor versi\u00f3n de ellos mismos. Encontrarlos por la calle trabajando como personas de bien, saludarlos y decirles: \u00a1lo lograste!; <strong>esa es la mayor gratificaci\u00f3n<\/strong>.<\/p><cite>Jorge Alberto Loaiza Yazbek<br><strong>Estudiante de la carrera de Artes Esc\u00e9nicas UTPL y<\/strong><br><strong>actor en la Compa\u00f1\u00eda de Teatro UTPL<\/strong><\/cite><\/blockquote><\/figure>\n\n\n\n<div style=\"height:20px\" aria-hidden=\"true\" class=\"wp-block-spacer\"><\/div>\n\n\n\n<p>La intervenci\u00f3n pedag\u00f3gico-art\u00edstica implementada durante tres a\u00f1os consecutivos en el CAI Loja, ha permitido concretar <strong>tres acciones que marcan los hitos de este proyecto de vinculaci\u00f3n<\/strong>:<\/p>\n\n\n\n<div class=\"container-wrapper-genially\" style=\"position: relative; min-height: 400px; max-width: 100%;\"><video class=\"loader-genially\" autoplay=\"autoplay\" loop=\"loop\" playsinline=\"playsInline\" muted=\"muted\" style=\"position: absolute;top: 45%;left: 50%;transform: translate(-50%, -50%);width: 80px;height: 80px;margin-bottom: 10%\"><source src=\"https:\/\/static.genial.ly\/resources\/loader-default.mp4\" type=\"video\/mp4\" \/>Your browser does not support the video tag.<\/video><div id=\"65e87376c192540014ba2be3\" class=\"genially-embed\" style=\"margin: 0px auto; position: relative; height: auto; width: 100%;\"><\/div><\/div><script>(function (d) { var js, id = \"genially-embed-js\", ref = d.getElementsByTagName(\"script\")[0]; if (d.getElementById(id)) { return; } js = d.createElement(\"script\"); js.id = id; js.async = true; js.src = \"https:\/\/view.genial.ly\/static\/embed\/embed.js\"; ref.parentNode.insertBefore(js, ref); }(document));<\/script>\n\n\n\n<div style=\"height:20px\" aria-hidden=\"true\" class=\"wp-block-spacer\"><\/div>\n\n\n\n<p>Los adolescentes infractores que han tenido la oportunidad de ser parte activa de \u00abTeatro tras las rejas\u00bb, han ganado confianza en ellos mismos, han descubierto el mundo desde otra perspectiva, han encontrado habilidades dentro de ellos que cre\u00edan no tener y han aprendido a canalizar sus emociones para vivir de una manera diferente.<\/p>\n\n\n<style>.elementor-1409 .elementor-element.elementor-element-bce6d9e > .elementor-container{max-width:800px;}.elementor-1409 .elementor-element.elementor-element-ab36a4d > .elementor-widget-wrap > .elementor-widget:not(.elementor-widget__width-auto):not(.elementor-widget__width-initial):not(:last-child):not(.elementor-absolute){margin-bottom:10px;}.elementor-1409 .elementor-element.elementor-element-d3b8d92{text-align:center;}.elementor-1409 .elementor-element.elementor-element-d3b8d92 .elementor-heading-title{color:var( --e-global-color-secondary );font-family:\"Helvetica Neue\", Sans-serif;font-size:32px;font-weight:900;}.elementor-1409 .elementor-element.elementor-element-2c3b286 .elementor-icon-wrapper{text-align:center;}.elementor-1409 .elementor-element.elementor-element-2c3b286.elementor-view-stacked .elementor-icon{background-color:var( --e-global-color-secondary );}.elementor-1409 .elementor-element.elementor-element-2c3b286.elementor-view-framed .elementor-icon, .elementor-1409 .elementor-element.elementor-element-2c3b286.elementor-view-default .elementor-icon{color:var( --e-global-color-secondary );border-color:var( --e-global-color-secondary );}.elementor-1409 .elementor-element.elementor-element-2c3b286.elementor-view-framed .elementor-icon, .elementor-1409 .elementor-element.elementor-element-2c3b286.elementor-view-default .elementor-icon svg{fill:var( --e-global-color-secondary );}.elementor-1409 .elementor-element.elementor-element-2c3b286 .elementor-icon{font-size:20px;}.elementor-1409 .elementor-element.elementor-element-2c3b286 .elementor-icon svg{height:20px;}.elementor-1409 .elementor-element.elementor-element-2c3b286 > .elementor-widget-container{--e-transform-rotateZ:90deg;}.elementor-1409 .elementor-element.elementor-element-2c3b89d{--divider-border-style:solid;--divider-color:var( --e-global-color-primary );--divider-border-width:1px;}.elementor-1409 .elementor-element.elementor-element-2c3b89d .elementor-divider-separator{width:20%;margin:0 auto;margin-center:0;}.elementor-1409 .elementor-element.elementor-element-2c3b89d .elementor-divider{text-align:center;padding-top:0px;padding-bottom:0px;}.elementor-1409 .elementor-element.elementor-element-e34d6f6{text-align:center;font-family:\"Roboto\", Sans-serif;font-size:15px;font-weight:400;}@media(max-width:767px){.elementor-1409 .elementor-element.elementor-element-d3b8d92 .elementor-heading-title{font-size:35px;}.elementor-1409 .elementor-element.elementor-element-e34d6f6{font-size:16px;}}<\/style>\t\t<div data-elementor-type=\"section\" data-elementor-id=\"1409\" class=\"elementor elementor-1409\" data-elementor-post-type=\"elementor_library\">\n\t\t\t\t\t\t\t\t<section class=\"elementor-section elementor-top-section elementor-element elementor-element-bce6d9e elementor-section-boxed elementor-section-height-default elementor-section-height-default\" data-id=\"bce6d9e\" data-element_type=\"section\">\n\t\t\t\t\t\t<div class=\"elementor-container elementor-column-gap-default\">\n\t\t\t\t\t<div class=\"elementor-column elementor-col-100 elementor-top-column elementor-element elementor-element-ab36a4d\" data-id=\"ab36a4d\" data-element_type=\"column\">\n\t\t\t<div class=\"elementor-widget-wrap elementor-element-populated\">\n\t\t\t\t\t\t\t\t<div class=\"elementor-element elementor-element-d3b8d92 elementor-widget elementor-widget-heading\" data-id=\"d3b8d92\" data-element_type=\"widget\" data-widget_type=\"heading.default\">\n\t\t\t\t<div class=\"elementor-widget-container\">\n\t\t\t<h2 class=\"elementor-heading-title elementor-size-default\">Las artes esc\u00e9nicas brindan la posibilidad de comprender, procesar y expresar emociones y sentimientos, reduciendo as\u00ed el nivel de agresividad o violencia que se puede albergar al interior de los centros de adolescentes infractores.<\/h2>\t\t<\/div>\n\t\t\t\t<\/div>\n\t\t\t\t<div class=\"elementor-element elementor-element-2c3b286 e-transform elementor-view-default elementor-widget elementor-widget-icon\" data-id=\"2c3b286\" data-element_type=\"widget\" data-settings=\"{&quot;_transform_rotateZ_effect&quot;:{&quot;unit&quot;:&quot;px&quot;,&quot;size&quot;:90,&quot;sizes&quot;:[]},&quot;_transform_rotateZ_effect_tablet&quot;:{&quot;unit&quot;:&quot;deg&quot;,&quot;size&quot;:&quot;&quot;,&quot;sizes&quot;:[]},&quot;_transform_rotateZ_effect_mobile&quot;:{&quot;unit&quot;:&quot;deg&quot;,&quot;size&quot;:&quot;&quot;,&quot;sizes&quot;:[]}}\" data-widget_type=\"icon.default\">\n\t\t\t\t<div class=\"elementor-widget-container\">\n\t\t\t\t\t<div class=\"elementor-icon-wrapper\">\n\t\t\t<div class=\"elementor-icon\">\n\t\t\t<i aria-hidden=\"true\" class=\"icon icon-chevron-right\"><\/i>\t\t\t<\/div>\n\t\t<\/div>\n\t\t\t\t<\/div>\n\t\t\t\t<\/div>\n\t\t\t\t<div class=\"elementor-element elementor-element-2c3b89d elementor-widget-divider--view-line elementor-widget elementor-widget-divider\" data-id=\"2c3b89d\" data-element_type=\"widget\" data-widget_type=\"divider.default\">\n\t\t\t\t<div class=\"elementor-widget-container\">\n\t\t\t\t\t<div class=\"elementor-divider\">\n\t\t\t<span class=\"elementor-divider-separator\">\n\t\t\t\t\t\t<\/span>\n\t\t<\/div>\n\t\t\t\t<\/div>\n\t\t\t\t<\/div>\n\t\t\t\t<div class=\"elementor-element elementor-element-e34d6f6 elementor-widget elementor-widget-text-editor\" data-id=\"e34d6f6\" data-element_type=\"widget\" data-widget_type=\"text-editor.default\">\n\t\t\t\t<div class=\"elementor-widget-container\">\n\t\t\t\t\t\t\t\t\t\t\t\t\t<\/div>\n\t\t\t\t<\/div>\n\t\t\t\t\t<\/div>\n\t\t<\/div>\n\t\t\t\t\t\t\t<\/div>\n\t\t<\/section>\n\t\t\t\t\t\t<\/div>\n\t\t\n\n\n<p>Demostrado que el teatro, el arte y la cultura cumplen un rol fundamental en la rehabilitaci\u00f3n de adolescentes infractores, el reto que asume la UTPL para el 2023 es consolidar una red de alianzas con actores estrat\u00e9gicos de la sociedad que crean en este objetivo y unan esfuerzos para <strong>transformar este proyecto de vinculaci\u00f3n en una<\/strong> <strong>metodolog\u00eda de intervenci\u00f3n socioeducativa desde el arte<\/strong>, que sea capaz de instaurarse como pol\u00edtica p\u00fablica de rehabilitaci\u00f3n social para todos los CAI del Ecuador.<\/p>\n","protected":false},"excerpt":{"rendered":"<p>Un proyecto de vinculaci\u00f3n de la UTPL denominado \u00abTeatro tras las rejas\u00bb busca instaurar como pol\u00edtica p\u00fablica la intervenci\u00f3n socioeducativa desde un enfoque de pedagog\u00eda art\u00edstica para promover la rehabilitaci\u00f3n y reinserci\u00f3n social de adolescentes infractores en Ecuador.<\/p>\n","protected":false},"author":2,"featured_media":2875,"comment_status":"closed","ping_status":"closed","sticky":false,"template":"","format":"standard","meta":{"footnotes":""},"categories":[42],"tags":[82,81,72,59,80,68,69,67,66],"edicion":[9],"linea-de-accion":[48],"acf":[],"_links":{"self":[{"href":"https:\/\/vinculacion.utpl.edu.ec\/revistaimpactomas\/wp-json\/wp\/v2\/posts\/1836"}],"collection":[{"href":"https:\/\/vinculacion.utpl.edu.ec\/revistaimpactomas\/wp-json\/wp\/v2\/posts"}],"about":[{"href":"https:\/\/vinculacion.utpl.edu.ec\/revistaimpactomas\/wp-json\/wp\/v2\/types\/post"}],"author":[{"embeddable":true,"href":"https:\/\/vinculacion.utpl.edu.ec\/revistaimpactomas\/wp-json\/wp\/v2\/users\/2"}],"replies":[{"embeddable":true,"href":"https:\/\/vinculacion.utpl.edu.ec\/revistaimpactomas\/wp-json\/wp\/v2\/comments?post=1836"}],"version-history":[{"count":57,"href":"https:\/\/vinculacion.utpl.edu.ec\/revistaimpactomas\/wp-json\/wp\/v2\/posts\/1836\/revisions"}],"predecessor-version":[{"id":2870,"href":"https:\/\/vinculacion.utpl.edu.ec\/revistaimpactomas\/wp-json\/wp\/v2\/posts\/1836\/revisions\/2870"}],"wp:featuredmedia":[{"embeddable":true,"href":"https:\/\/vinculacion.utpl.edu.ec\/revistaimpactomas\/wp-json\/wp\/v2\/media\/2875"}],"wp:attachment":[{"href":"https:\/\/vinculacion.utpl.edu.ec\/revistaimpactomas\/wp-json\/wp\/v2\/media?parent=1836"}],"wp:term":[{"taxonomy":"category","embeddable":true,"href":"https:\/\/vinculacion.utpl.edu.ec\/revistaimpactomas\/wp-json\/wp\/v2\/categories?post=1836"},{"taxonomy":"post_tag","embeddable":true,"href":"https:\/\/vinculacion.utpl.edu.ec\/revistaimpactomas\/wp-json\/wp\/v2\/tags?post=1836"},{"taxonomy":"edicion","embeddable":true,"href":"https:\/\/vinculacion.utpl.edu.ec\/revistaimpactomas\/wp-json\/wp\/v2\/edicion?post=1836"},{"taxonomy":"linea-de-accion","embeddable":true,"href":"https:\/\/vinculacion.utpl.edu.ec\/revistaimpactomas\/wp-json\/wp\/v2\/linea-de-accion?post=1836"}],"curies":[{"name":"wp","href":"https:\/\/api.w.org\/{rel}","templated":true}]}}